{"id":7387,"date":"2025-07-13T17:24:34","date_gmt":"2025-07-13T22:24:34","guid":{"rendered":"https:\/\/centrosloyolacuba.org\/loyolareina\/?p=7387"},"modified":"2025-07-13T19:44:50","modified_gmt":"2025-07-14T00:44:50","slug":"homenaje-a-la-memoria-de-alejandra-cotilla-y-su-familia","status":"publish","type":"post","link":"https:\/\/centrosloyolacuba.org\/loyolareina\/homenaje-a-la-memoria-de-alejandra-cotilla-y-su-familia\/","title":{"rendered":"Homenaje a la Memoria de Alejandra Cotilla y su Familia"},"content":{"rendered":"\n<h2 class=\"wp-block-heading\"><strong>A toda la comunidad del Centro Loyola Reina: colaboradores, usuarios, familias, ni\u00f1as, ni\u00f1os, adolescentes y seguidores<\/strong><\/h2>\n\n\n\n<p>Con profundo dolor y consternaci\u00f3n, nuestro <strong><a href=\"https:\/\/centrosloyolacuba.org\/loyolareina\/\" target=\"_blank\" rel=\"noreferrer noopener\">Centro Loyola Reina<\/a><\/strong> se viste de luto ante los acontecimientos ocurridos el pasado 12 de julio, en el que un derrumbe ocurrido en las calles Monte y Rastro cobr\u00f3 la vida de nuestra querida Alejandra Cotilla, de tan solo 7 a\u00f1os, as\u00ed como la de su mam\u00e1 y su pap\u00e1, quienes tambi\u00e9n formaban parte de nuestra comunidad Loyola.<\/p>\n\n\n\n<figure class=\"wp-block-image aligncenter size-full\"><a href=\"https:\/\/centrosloyolacuba.org\/loyolareina\/wp-content\/uploads\/2025\/07\/Centro-Loyola-Alejandra-Cotilla.webp\"><img fetchpriority=\"high\" decoding=\"async\" width=\"720\" height=\"540\" src=\"https:\/\/centrosloyolacuba.org\/loyolareina\/wp-content\/uploads\/2025\/07\/Centro-Loyola-Alejandra-Cotilla.webp\" alt=\"\" class=\"wp-image-7396\" srcset=\"https:\/\/centrosloyolacuba.org\/loyolareina\/wp-content\/uploads\/2025\/07\/Centro-Loyola-Alejandra-Cotilla.webp 720w, https:\/\/centrosloyolacuba.org\/loyolareina\/wp-content\/uploads\/2025\/07\/Centro-Loyola-Alejandra-Cotilla-300x225.webp 300w\" sizes=\"(max-width: 720px) 100vw, 720px\" \/><\/a><figcaption class=\"wp-element-caption\"><strong>Alejandra, la m\u00e1s peque\u00f1a de nuestro Taller de Dibujo<\/strong><\/figcaption><\/figure>\n\n\n\n<h2 class=\"wp-block-heading\"><strong>Alejandra, ejemplo de vocaci\u00f3n y talento<\/strong><\/h2>\n\n\n\n<p>Alejandra, la m\u00e1s peque\u00f1a de nuestro Taller de Dibujo, se destac\u00f3 siempre por su vocaci\u00f3n, su gracia y su extraordinario talento para las artes pl\u00e1sticas. Su creatividad, seguridad y alegr\u00eda llenaban de luz cada espacio que compart\u00eda con nosotros. Su corta pero brillante trayectoria fue reconocida en cada concurso en el que particip\u00f3, y su entusiasmo era inspiraci\u00f3n para sus compa\u00f1eros y profesores. Su mam\u00e1, siempre presente y atenta, era ejemplo de amabilidad y compromiso con la formaci\u00f3n de su hija.<\/p>\n\n\n\n<figure class=\"wp-block-gallery has-nested-images columns-default is-cropped wp-block-gallery-1 is-layout-flex wp-block-gallery-is-layout-flex\">\n<figure class=\"wp-block-image size-large\"><a href=\"https:\/\/centrosloyolacuba.org\/loyolareina\/wp-content\/uploads\/2025\/07\/Alejandra-Cotilla.webp\"><img decoding=\"async\" width=\"720\" height=\"540\" data-id=\"7398\" src=\"https:\/\/centrosloyolacuba.org\/loyolareina\/wp-content\/uploads\/2025\/07\/Alejandra-Cotilla.webp\" alt=\"\" class=\"wp-image-7398\" srcset=\"https:\/\/centrosloyolacuba.org\/loyolareina\/wp-content\/uploads\/2025\/07\/Alejandra-Cotilla.webp 720w, https:\/\/centrosloyolacuba.org\/loyolareina\/wp-content\/uploads\/2025\/07\/Alejandra-Cotilla-300x225.webp 300w\" sizes=\"(max-width: 720px) 100vw, 720px\" \/><\/a><\/figure>\n\n\n\n<figure class=\"wp-block-image size-large\"><a href=\"https:\/\/centrosloyolacuba.org\/loyolareina\/wp-content\/uploads\/2025\/07\/Alejandra-Cotilla-Taller-de-Dibujo.webp\"><img decoding=\"async\" width=\"720\" height=\"540\" data-id=\"7399\" src=\"https:\/\/centrosloyolacuba.org\/loyolareina\/wp-content\/uploads\/2025\/07\/Alejandra-Cotilla-Taller-de-Dibujo.webp\" alt=\"\" class=\"wp-image-7399\" srcset=\"https:\/\/centrosloyolacuba.org\/loyolareina\/wp-content\/uploads\/2025\/07\/Alejandra-Cotilla-Taller-de-Dibujo.webp 720w, https:\/\/centrosloyolacuba.org\/loyolareina\/wp-content\/uploads\/2025\/07\/Alejandra-Cotilla-Taller-de-Dibujo-300x225.webp 300w\" sizes=\"(max-width: 720px) 100vw, 720px\" \/><\/a><\/figure>\n<\/figure>\n\n\n\n<h2 class=\"wp-block-heading\"><br><strong>Un vac\u00edo imposible de llenar<\/strong><\/h2>\n\n\n\n<p>En nombre de todo el <strong><a href=\"https:\/\/centrosloyolacuba.org\/loyolareina\/\" target=\"_blank\" rel=\"noreferrer noopener\">Centro Loyola Reina<\/a><\/strong>, expresamos nuestras m\u00e1s sentidas condolencias y solidaridad a los familiares, amigos y a todos quienes compartieron momentos con ellos. Nos unimos en oraci\u00f3n y esperanza, pidiendo a Dios que los reciba en Su misericordia y les conceda el descanso eterno en Su presencia.<\/p>\n\n\n\n<h2 class=\"wp-block-heading\"><strong>Honrando su memoria<\/strong><\/h2>\n\n\n\n<p>Oramos al Padre para que cambien las estructuras que hacen que miles de cubanos tengan que arriesgar su vida viviendo en casas en mal estado. Honraremos la memoria de Alejandra y su familia, recordando su alegr\u00eda, su talento y el amor que sembraron en nuestra comunidad.<\/p>\n\n\n\n<p>Con profundo pesar,<\/p>\n\n\n\n<p><strong>Centro Loyola Reina<\/strong><br>Direcci\u00f3n y Equipo Docente<\/p>\n\n\n\n<p><\/p>\n<p>Visitas: 303<\/p>","protected":false},"excerpt":{"rendered":"<p>Con profundo dolor y consternaci\u00f3n, nuestro Centro Loyola Reina se viste de luto ante&#8230;<\/p>\n","protected":false},"author":3,"featured_media":7392,"comment_status":"open","ping_status":"open","sticky":false,"template":"","format":"standard","meta":{"site-sidebar-layout":"default","site-content-layout":"","ast-site-content-layout":"default","site-content-style":"default","site-sidebar-style":"default","ast-global-header-display":"","ast-banner-title-visibility":"","ast-main-header-display":"","ast-hfb-above-header-display":"","ast-hfb-below-header-display":"","ast-hfb-mobile-header-display":"","site-post-title":"","ast-breadcrumbs-content":"","ast-featured-img":"disabled","footer-sml-layout":"","theme-transparent-header-meta":"","adv-header-id-meta":"","stick-header-meta":"","header-above-stick-meta":"","header-main-stick-meta":"","header-below-stick-meta":"","astra-migrate-meta-layouts":"set","ast-page-background-enabled":"default","ast-page-background-meta":{"desktop":{"background-color":"","background-image":"","background-repeat":"repeat","background-position":"center center","background-size":"auto","background-attachment":"scroll","background-type":"","background-media":"","overlay-type":"","overlay-color":"","overlay-opacity":"","overlay-gradient":""},"tablet":{"background-color":"","background-image":"","background-repeat":"repeat","background-position":"center center","background-size":"auto","background-attachment":"scroll","background-type":"","background-media":"","overlay-type":"","overlay-color":"","overlay-opacity":"","overlay-gradient":""},"mobile":{"background-color":"","background-image":"","background-repeat":"repeat","background-position":"center center","background-size":"auto","background-attachment":"scroll","background-type":"","background-media":"","overlay-type":"","overlay-color":"","overlay-opacity":"","overlay-gradient":""}},"ast-content-background-meta":{"desktop":{"background-color":"var(--ast-global-color-5)","background-image":"","background-repeat":"repeat","background-position":"center center","background-size":"auto","background-attachment":"scroll","background-type":"","background-media":"","overlay-type":"","overlay-color":"","overlay-opacity":"","overlay-gradient":""},"tablet":{"background-color":"var(--ast-global-color-5)","background-image":"","background-repeat":"repeat","background-position":"center center","background-size":"auto","background-attachment":"scroll","background-type":"","background-media":"","overlay-type":"","overlay-color":"","overlay-opacity":"","overlay-gradient":""},"mobile":{"background-color":"var(--ast-global-color-5)","background-image":"","background-repeat":"repeat","background-position":"center center","background-size":"auto","background-attachment":"scroll","background-type":"","background-media":"","overlay-type":"","overlay-color":"","overlay-opacity":"","overlay-gradient":""}},"episode_type":"","audio_file":"","podmotor_file_id":"","podmotor_episode_id":"","cover_image":"","cover_image_id":"","duration":"","filesize":"","filesize_raw":"","date_recorded":"","explicit":"","block":"","itunes_episode_number":"","itunes_title":"","itunes_season_number":"","itunes_episode_type":"","footnotes":""},"categories":[8],"tags":[45,27],"ppma_author":[21],"class_list":["post-7387","post","type-post","status-publish","format-standard","has-post-thumbnail","hentry","category-noticias","tag-cefal","tag-centro-loyola-reina"],"authors":[{"term_id":21,"user_id":3,"is_guest":0,"slug":"editcomunicador","display_name":"Equipo de Comunicaci\u00f3n","avatar_url":"http:\/\/centrosloyolacuba.org\/loyolareina\/wp-content\/uploads\/2024\/04\/Avatars-Comunicaciones-96x96.webp","0":null,"1":"","2":"","3":"","4":"","5":"","6":"","7":"","8":""}],"rttpg_featured_image_url":{"full":["https:\/\/centrosloyolacuba.org\/loyolareina\/wp-content\/uploads\/2025\/07\/Alejandra-Cotilla-Centro-Loyola-Reina.webp",480,360,false],"landscape":["https:\/\/centrosloyolacuba.org\/loyolareina\/wp-content\/uploads\/2025\/07\/Alejandra-Cotilla-Centro-Loyola-Reina.webp",480,360,false],"portraits":["https:\/\/centrosloyolacuba.org\/loyolareina\/wp-content\/uploads\/2025\/07\/Alejandra-Cotilla-Centro-Loyola-Reina.webp",480,360,false],"thumbnail":["https:\/\/centrosloyolacuba.org\/loyolareina\/wp-content\/uploads\/2025\/07\/Alejandra-Cotilla-Centro-Loyola-Reina-150x150.webp",150,150,true],"medium":["https:\/\/centrosloyolacuba.org\/loyolareina\/wp-content\/uploads\/2025\/07\/Alejandra-Cotilla-Centro-Loyola-Reina-300x225.webp",300,225,true],"large":["https:\/\/centrosloyolacuba.org\/loyolareina\/wp-content\/uploads\/2025\/07\/Alejandra-Cotilla-Centro-Loyola-Reina.webp",480,360,false],"1536x1536":["https:\/\/centrosloyolacuba.org\/loyolareina\/wp-content\/uploads\/2025\/07\/Alejandra-Cotilla-Centro-Loyola-Reina.webp",480,360,false],"2048x2048":["https:\/\/centrosloyolacuba.org\/loyolareina\/wp-content\/uploads\/2025\/07\/Alejandra-Cotilla-Centro-Loyola-Reina.webp",480,360,false],"bm-post-thumb":["https:\/\/centrosloyolacuba.org\/loyolareina\/wp-content\/uploads\/2025\/07\/Alejandra-Cotilla-Centro-Loyola-Reina-250x250.webp",250,250,true],"bm-post-medium":["https:\/\/centrosloyolacuba.org\/loyolareina\/wp-content\/uploads\/2025\/07\/Alejandra-Cotilla-Centro-Loyola-Reina-480x250.webp",480,250,true]},"rttpg_author":{"display_name":"Equipo de Comunicaci\u00f3n","author_link":"https:\/\/centrosloyolacuba.org\/loyolareina\/author\/editcomunicador\/"},"rttpg_comment":0,"rttpg_category":"<a href=\"https:\/\/centrosloyolacuba.org\/loyolareina\/category\/noticias\/\" rel=\"category tag\">Noticias<\/a>","rttpg_excerpt":"Con profundo dolor y consternaci\u00f3n, nuestro Centro Loyola Reina se viste de luto ante...","_links":{"self":[{"href":"https:\/\/centrosloyolacuba.org\/loyolareina\/wp-json\/wp\/v2\/posts\/7387","targetHints":{"allow":["GET"]}}],"collection":[{"href":"https:\/\/centrosloyolacuba.org\/loyolareina\/wp-json\/wp\/v2\/posts"}],"about":[{"href":"https:\/\/centrosloyolacuba.org\/loyolareina\/wp-json\/wp\/v2\/types\/post"}],"author":[{"embeddable":true,"href":"https:\/\/centrosloyolacuba.org\/loyolareina\/wp-json\/wp\/v2\/users\/3"}],"replies":[{"embeddable":true,"href":"https:\/\/centrosloyolacuba.org\/loyolareina\/wp-json\/wp\/v2\/comments?post=7387"}],"version-history":[{"count":9,"href":"https:\/\/centrosloyolacuba.org\/loyolareina\/wp-json\/wp\/v2\/posts\/7387\/revisions"}],"predecessor-version":[{"id":7407,"href":"https:\/\/centrosloyolacuba.org\/loyolareina\/wp-json\/wp\/v2\/posts\/7387\/revisions\/7407"}],"wp:featuredmedia":[{"embeddable":true,"href":"https:\/\/centrosloyolacuba.org\/loyolareina\/wp-json\/wp\/v2\/media\/7392"}],"wp:attachment":[{"href":"https:\/\/centrosloyolacuba.org\/loyolareina\/wp-json\/wp\/v2\/media?parent=7387"}],"wp:term":[{"taxonomy":"category","embeddable":true,"href":"https:\/\/centrosloyolacuba.org\/loyolareina\/wp-json\/wp\/v2\/categories?post=7387"},{"taxonomy":"post_tag","embeddable":true,"href":"https:\/\/centrosloyolacuba.org\/loyolareina\/wp-json\/wp\/v2\/tags?post=7387"},{"taxonomy":"author","embeddable":true,"href":"https:\/\/centrosloyolacuba.org\/loyolareina\/wp-json\/wp\/v2\/ppma_author?post=7387"}],"curies":[{"name":"wp","href":"https:\/\/api.w.org\/{rel}","templated":true}]}}