{"id":7330,"date":"2025-07-04T07:56:31","date_gmt":"2025-07-04T12:56:31","guid":{"rendered":"https:\/\/centrosloyolacuba.org\/loyolareina\/?p=7330"},"modified":"2025-07-04T12:05:10","modified_gmt":"2025-07-04T17:05:10","slug":"feria-tecnologica-inteligencia-artificial-negocios-cuba","status":"publish","type":"post","link":"https:\/\/centrosloyolacuba.org\/loyolareina\/feria-tecnologica-inteligencia-artificial-negocios-cuba\/","title":{"rendered":"Feria tecnol\u00f3gica + evento de Networking: Inteligencia Artificial aplicada a los negocios desde Cuba"},"content":{"rendered":"\n<p>El pasado 3 de julio, el <strong><a href=\"https:\/\/centrosloyolacuba.org\/loyolareina\/\">C<\/a><a href=\"https:\/\/centrosloyolacuba.org\/loyolareina\/\" target=\"_blank\" rel=\"noreferrer noopener\">entro Loyola Reina<\/a><\/strong> fue sede de la Feria Tecnol\u00f3gica, un evento que reuni\u00f3 a emprendedores, especialistas y creativos para explorar el impacto real de la Inteligencia Artificial (IA) en el ecosistema emprendedor cubano.<\/p>\n\n\n\n<figure class=\"wp-block-image aligncenter size-full\"><a href=\"https:\/\/centrosloyolacuba.org\/loyolareina\/wp-content\/uploads\/2025\/07\/feria-tecnologica-InCuba.webp\"><img fetchpriority=\"high\" decoding=\"async\" width=\"750\" height=\"500\" src=\"https:\/\/centrosloyolacuba.org\/loyolareina\/wp-content\/uploads\/2025\/07\/feria-tecnologica-InCuba.webp\" alt=\"\" class=\"wp-image-7340\" srcset=\"https:\/\/centrosloyolacuba.org\/loyolareina\/wp-content\/uploads\/2025\/07\/feria-tecnologica-InCuba.webp 750w, https:\/\/centrosloyolacuba.org\/loyolareina\/wp-content\/uploads\/2025\/07\/feria-tecnologica-InCuba-300x200.webp 300w\" sizes=\"(max-width: 750px) 100vw, 750px\" \/><\/a><\/figure>\n\n\n\n<p>Organizada por el proyecto <strong><a href=\"https:\/\/centrosloyolacuba.org\/loyolareina\/incuba-empresas\/\" target=\"_blank\" rel=\"noreferrer noopener\">InCuba Empresas<\/a><\/strong>, esta feria se consolid\u00f3 como un espacio de aprendizaje, conexi\u00f3n y demostraci\u00f3n pr\u00e1ctica, donde se compartieron herramientas, experiencias y visiones sobre c\u00f3mo la IA est\u00e1 transformando los negocios desde el contexto local.<\/p>\n\n\n\n<h2 class=\"wp-block-heading\">Programa de ponencias<\/h2>\n\n\n\n<p>Durante la jornada, se presentaron 7 ponencias din\u00e1micas que abordaron temas como automatizaci\u00f3n, creatividad aumentada, redacci\u00f3n asistida, sistemas de recomendaci\u00f3n y metodolog\u00edas para emprender con IA:<\/p>\n\n\n\n<figure class=\"wp-block-gallery has-nested-images columns-default is-cropped wp-block-gallery-1 is-layout-flex wp-block-gallery-is-layout-flex\">\n<figure class=\"wp-block-image size-large\"><a href=\"https:\/\/centrosloyolacuba.org\/loyolareina\/wp-content\/uploads\/2025\/07\/ponencias-Incuba-1.webp\"><img decoding=\"async\" width=\"750\" height=\"500\" data-id=\"7348\" src=\"https:\/\/centrosloyolacuba.org\/loyolareina\/wp-content\/uploads\/2025\/07\/ponencias-Incuba-1.webp\" alt=\"\" class=\"wp-image-7348\" srcset=\"https:\/\/centrosloyolacuba.org\/loyolareina\/wp-content\/uploads\/2025\/07\/ponencias-Incuba-1.webp 750w, https:\/\/centrosloyolacuba.org\/loyolareina\/wp-content\/uploads\/2025\/07\/ponencias-Incuba-1-300x200.webp 300w\" sizes=\"(max-width: 750px) 100vw, 750px\" \/><\/a><\/figure>\n\n\n\n<figure class=\"wp-block-image size-large\"><a href=\"https:\/\/centrosloyolacuba.org\/loyolareina\/wp-content\/uploads\/2025\/07\/ponencias-InCuba-IA-1.webp\"><img decoding=\"async\" width=\"750\" height=\"500\" data-id=\"7349\" src=\"https:\/\/centrosloyolacuba.org\/loyolareina\/wp-content\/uploads\/2025\/07\/ponencias-InCuba-IA-1.webp\" alt=\"\" class=\"wp-image-7349\" srcset=\"https:\/\/centrosloyolacuba.org\/loyolareina\/wp-content\/uploads\/2025\/07\/ponencias-InCuba-IA-1.webp 750w, https:\/\/centrosloyolacuba.org\/loyolareina\/wp-content\/uploads\/2025\/07\/ponencias-InCuba-IA-1-300x200.webp 300w\" sizes=\"(max-width: 750px) 100vw, 750px\" \/><\/a><\/figure>\n\n\n\n<figure class=\"wp-block-image size-large\"><a href=\"https:\/\/centrosloyolacuba.org\/loyolareina\/wp-content\/uploads\/2025\/07\/ponencias-arturo-brito-1.webp\"><img loading=\"lazy\" decoding=\"async\" width=\"750\" height=\"500\" data-id=\"7347\" src=\"https:\/\/centrosloyolacuba.org\/loyolareina\/wp-content\/uploads\/2025\/07\/ponencias-arturo-brito-1.webp\" alt=\"\" class=\"wp-image-7347\" srcset=\"https:\/\/centrosloyolacuba.org\/loyolareina\/wp-content\/uploads\/2025\/07\/ponencias-arturo-brito-1.webp 750w, https:\/\/centrosloyolacuba.org\/loyolareina\/wp-content\/uploads\/2025\/07\/ponencias-arturo-brito-1-300x200.webp 300w\" sizes=\"(max-width: 750px) 100vw, 750px\" \/><\/a><\/figure>\n<\/figure>\n\n\n\n<p><br><\/p>\n\n\n\n<ul class=\"wp-block-list\">\n<li>Javier Alfonso y Nahomi Lahera (<strong><a href=\"https:\/\/ingeniuscuba.com\/\" target=\"_blank\" rel=\"noreferrer noopener\">Ingenius<\/a><\/strong>): Potencia tu negocio con Inteligencia Artificial<\/li>\n\n\n\n<li>Rodobaldo Cupull (<strong><a href=\"https:\/\/tienda.eltrapichecubiche.com\/\" target=\"_blank\" rel=\"noreferrer noopener\">El Trapiche<\/a><\/strong>): Sistemas de recomendaci\u00f3n en e-commerce<\/li>\n\n\n\n<li><strong><a href=\"https:\/\/www.instagram.com\/redactora.cubana.danae\" target=\"_blank\" rel=\"noopener\">Danae Ricardo<\/a><\/strong>: IA como asesora de redacci\u00f3n y potenciadora del SEO<\/li>\n\n\n\n<li>Andy Ruenes y Loidel Barrera (<strong><a href=\"https:\/\/www.dclicksoluciones.com\/\" target=\"_blank\" rel=\"noreferrer noopener\">Dclick Soluciones<\/a><\/strong>): c\u00f3mo los agentes de IA est\u00e1n redefiniendo el trabajo<\/li>\n\n\n\n<li>Ninoska Saavedra (IA para Todos): IA para todos. Paquetes pr\u00e1cticos para aplicar IA<\/li>\n\n\n\n<li><strong><a href=\"https:\/\/www.abritofotos.com\" target=\"_blank\" rel=\"noreferrer noopener\">Arturo Brito<\/a><\/strong>: De la idea a la imagen, como la IA potencia mi creatividad<\/li>\n\n\n\n<li><strong><a href=\"https:\/\/www.google.com\/url?sa=t&amp;source=web&amp;rct=j&amp;opi=89978449&amp;url=https:\/\/www.instagram.com\/yaids.cu\/p\/DGLTlMHuyE1\/&amp;ved=2ahUKEwjbyIupx6OOAxXhSDABHU07FIQQFnoECA8QAQ&amp;usg=AOvVaw3YEfMk09nqSh5q6GI0StdF\" target=\"_blank\" rel=\"noreferrer noopener\">Yai DS<\/a><\/strong>: Del caos al m\u00e9todo: IA aplicada al emprendimiento cubano<\/li>\n<\/ul>\n\n\n\n<h2 class=\"wp-block-heading\"><strong>Testimonios y cobertura visual<\/strong><\/h2>\n\n\n\n<p>Las im\u00e1genes de cortes\u00eda del <strong><a href=\"https:\/\/www.abritofotos.com\" target=\"_blank\" rel=\"noreferrer noopener\">fot\u00f3grafo Arturo Brito<\/a><\/strong> capturaron la esencia del evento: rostros atentos, ideas compartidas y una energ\u00eda colectiva que apostaba por el futuro. En sus palabras:<\/p>\n\n\n\n<p><strong>\u201cLa feria fue un punto de encuentro de mentes inquietas que sue\u00f1an en grande.\u201d<\/strong><\/p>\n\n\n\n<p>Otros participantes tambi\u00e9n compartieron sus impresiones en redes sociales:<\/p>\n\n\n\n<p><strong>\u201cLa IA no es del futuro, est\u00e1 presente. Resistirnos al cambio no frenar\u00e1 su avance.\u201d \u2014 <a href=\"https:\/\/www.google.com\/url?sa=t&amp;source=web&amp;rct=j&amp;opi=89978449&amp;url=https:\/\/www.instagram.com\/yaids.cu\/p\/DGLTlMHuyE1\/&amp;ved=2ahUKEwjbyIupx6OOAxXhSDABHU07FIQQFnoECA8QAQ&amp;usg=AOvVaw3YEfMk09nqSh5q6GI0StdF\" target=\"_blank\" rel=\"noreferrer noopener\">Yai DS<\/a><\/strong><\/p>\n\n\n\n<p><strong>\u201cUna jornada productiva e interesante.\u201d \u2014 <a href=\"https:\/\/www.dclicksoluciones.com\/\" target=\"_blank\" rel=\"noreferrer noopener\">Dclick Soluciones<\/a><\/strong><\/p>\n\n\n\n<h2 class=\"wp-block-heading\">Impacto y proyecci\u00f3n<\/h2>\n\n\n\n<p>La Feria Tecnol\u00f3gica <strong><a href=\"https:\/\/centrosloyolacuba.org\/loyolareina\/incuba-empresas\/\" target=\"_blank\" rel=\"noreferrer noopener\">InCuba<\/a><\/strong> demostr\u00f3 que la innovaci\u00f3n tecnol\u00f3gica en Cuba est\u00e1 en marcha, con propuestas reales, herramientas accesibles y una comunidad dispuesta a aprender y compartir. El Centro Loyola Reina reafirma as\u00ed su compromiso con el emprendimiento transformador, la educaci\u00f3n contextualizada y el desarrollo humano integral.<\/p>\n\n\n\n<figure class=\"wp-block-gallery has-nested-images columns-default is-cropped wp-block-gallery-2 is-layout-flex wp-block-gallery-is-layout-flex\">\n<figure class=\"wp-block-image size-large\"><a href=\"https:\/\/centrosloyolacuba.org\/loyolareina\/wp-content\/uploads\/2025\/07\/feria-tecnologica-IA-InCuba-1.webp\"><img loading=\"lazy\" decoding=\"async\" width=\"480\" height=\"320\" data-id=\"7377\" src=\"https:\/\/centrosloyolacuba.org\/loyolareina\/wp-content\/uploads\/2025\/07\/feria-tecnologica-IA-InCuba-1.webp\" alt=\"\" class=\"wp-image-7377\" srcset=\"https:\/\/centrosloyolacuba.org\/loyolareina\/wp-content\/uploads\/2025\/07\/feria-tecnologica-IA-InCuba-1.webp 480w, https:\/\/centrosloyolacuba.org\/loyolareina\/wp-content\/uploads\/2025\/07\/feria-tecnologica-IA-InCuba-1-300x200.webp 300w\" sizes=\"(max-width: 480px) 100vw, 480px\" \/><\/a><\/figure>\n\n\n\n<figure class=\"wp-block-image size-large\"><a href=\"https:\/\/centrosloyolacuba.org\/loyolareina\/wp-content\/uploads\/2025\/07\/loyola-reina-InCuba.webp\"><img loading=\"lazy\" decoding=\"async\" width=\"750\" height=\"500\" data-id=\"7379\" src=\"https:\/\/centrosloyolacuba.org\/loyolareina\/wp-content\/uploads\/2025\/07\/loyola-reina-InCuba.webp\" alt=\"\" class=\"wp-image-7379\" srcset=\"https:\/\/centrosloyolacuba.org\/loyolareina\/wp-content\/uploads\/2025\/07\/loyola-reina-InCuba.webp 750w, https:\/\/centrosloyolacuba.org\/loyolareina\/wp-content\/uploads\/2025\/07\/loyola-reina-InCuba-300x200.webp 300w\" sizes=\"(max-width: 750px) 100vw, 750px\" \/><\/a><\/figure>\n\n\n\n<figure class=\"wp-block-image size-large\"><a href=\"https:\/\/centrosloyolacuba.org\/loyolareina\/wp-content\/uploads\/2025\/07\/loyola-Incuba.webp\"><img loading=\"lazy\" decoding=\"async\" width=\"750\" height=\"500\" data-id=\"7378\" src=\"https:\/\/centrosloyolacuba.org\/loyolareina\/wp-content\/uploads\/2025\/07\/loyola-Incuba.webp\" alt=\"\" class=\"wp-image-7378\" srcset=\"https:\/\/centrosloyolacuba.org\/loyolareina\/wp-content\/uploads\/2025\/07\/loyola-Incuba.webp 750w, https:\/\/centrosloyolacuba.org\/loyolareina\/wp-content\/uploads\/2025\/07\/loyola-Incuba-300x200.webp 300w\" sizes=\"(max-width: 750px) 100vw, 750px\" \/><\/a><\/figure>\n<\/figure>\n<p>Visitas: 53<\/p>","protected":false},"excerpt":{"rendered":"<p>El Centro Loyola Reina fue sede de la Feria Tecnol\u00f3gica, un evento que reuni\u00f3 a emprendedores, especialistas y creativos para explorar el impacto real de la Inteligencia Artificial (IA) en el ecosistema emprendedor cubano&#8230;<\/p>\n","protected":false},"author":3,"featured_media":7334,"comment_status":"open","ping_status":"open","sticky":false,"template":"","format":"standard","meta":{"site-sidebar-layout":"default","site-content-layout":"","ast-site-content-layout":"default","site-content-style":"default","site-sidebar-style":"default","ast-global-header-display":"","ast-banner-title-visibility":"","ast-main-header-display":"","ast-hfb-above-header-display":"","ast-hfb-below-header-display":"","ast-hfb-mobile-header-display":"","site-post-title":"","ast-breadcrumbs-content":"","ast-featured-img":"disabled","footer-sml-layout":"","theme-transparent-header-meta":"","adv-header-id-meta":"","stick-header-meta":"","header-above-stick-meta":"","header-main-stick-meta":"","header-below-stick-meta":"","astra-migrate-meta-layouts":"set","ast-page-background-enabled":"default","ast-page-background-meta":{"desktop":{"background-color":"","background-image":"","background-repeat":"repeat","background-position":"center center","background-size":"auto","background-attachment":"scroll","background-type":"","background-media":"","overlay-type":"","overlay-color":"","overlay-opacity":"","overlay-gradient":""},"tablet":{"background-color":"","background-image":"","background-repeat":"repeat","background-position":"center center","background-size":"auto","background-attachment":"scroll","background-type":"","background-media":"","overlay-type":"","overlay-color":"","overlay-opacity":"","overlay-gradient":""},"mobile":{"background-color":"","background-image":"","background-repeat":"repeat","background-position":"center center","background-size":"auto","background-attachment":"scroll","background-type":"","background-media":"","overlay-type":"","overlay-color":"","overlay-opacity":"","overlay-gradient":""}},"ast-content-background-meta":{"desktop":{"background-color":"var(--ast-global-color-5)","background-image":"","background-repeat":"repeat","background-position":"center center","background-size":"auto","background-attachment":"scroll","background-type":"","background-media":"","overlay-type":"","overlay-color":"","overlay-opacity":"","overlay-gradient":""},"tablet":{"background-color":"var(--ast-global-color-5)","background-image":"","background-repeat":"repeat","background-position":"center center","background-size":"auto","background-attachment":"scroll","background-type":"","background-media":"","overlay-type":"","overlay-color":"","overlay-opacity":"","overlay-gradient":""},"mobile":{"background-color":"var(--ast-global-color-5)","background-image":"","background-repeat":"repeat","background-position":"center center","background-size":"auto","background-attachment":"scroll","background-type":"","background-media":"","overlay-type":"","overlay-color":"","overlay-opacity":"","overlay-gradient":""}},"episode_type":"","audio_file":"","podmotor_file_id":"","podmotor_episode_id":"","cover_image":"","cover_image_id":"","duration":"","filesize":"","filesize_raw":"","date_recorded":"","explicit":"","block":"","itunes_episode_number":"","itunes_title":"","itunes_season_number":"","itunes_episode_type":"","footnotes":""},"categories":[8],"tags":[],"ppma_author":[21],"class_list":["post-7330","post","type-post","status-publish","format-standard","has-post-thumbnail","hentry","category-noticias"],"authors":[{"term_id":21,"user_id":3,"is_guest":0,"slug":"editcomunicador","display_name":"Equipo de Comunicaci\u00f3n","avatar_url":"http:\/\/centrosloyolacuba.org\/loyolareina\/wp-content\/uploads\/2024\/04\/Avatars-Comunicaciones-96x96.webp","0":null,"1":"","2":"","3":"","4":"","5":"","6":"","7":"","8":""}],"rttpg_featured_image_url":{"full":["https:\/\/centrosloyolacuba.org\/loyolareina\/wp-content\/uploads\/2025\/07\/feria-tecnologica-IA-InCuba.webp",480,320,false],"landscape":["https:\/\/centrosloyolacuba.org\/loyolareina\/wp-content\/uploads\/2025\/07\/feria-tecnologica-IA-InCuba.webp",480,320,false],"portraits":["https:\/\/centrosloyolacuba.org\/loyolareina\/wp-content\/uploads\/2025\/07\/feria-tecnologica-IA-InCuba.webp",480,320,false],"thumbnail":["https:\/\/centrosloyolacuba.org\/loyolareina\/wp-content\/uploads\/2025\/07\/feria-tecnologica-IA-InCuba-150x150.webp",150,150,true],"medium":["https:\/\/centrosloyolacuba.org\/loyolareina\/wp-content\/uploads\/2025\/07\/feria-tecnologica-IA-InCuba-300x200.webp",300,200,true],"large":["https:\/\/centrosloyolacuba.org\/loyolareina\/wp-content\/uploads\/2025\/07\/feria-tecnologica-IA-InCuba.webp",480,320,false],"1536x1536":["https:\/\/centrosloyolacuba.org\/loyolareina\/wp-content\/uploads\/2025\/07\/feria-tecnologica-IA-InCuba.webp",480,320,false],"2048x2048":["https:\/\/centrosloyolacuba.org\/loyolareina\/wp-content\/uploads\/2025\/07\/feria-tecnologica-IA-InCuba.webp",480,320,false],"bm-post-thumb":["https:\/\/centrosloyolacuba.org\/loyolareina\/wp-content\/uploads\/2025\/07\/feria-tecnologica-IA-InCuba-250x250.webp",250,250,true],"bm-post-medium":["https:\/\/centrosloyolacuba.org\/loyolareina\/wp-content\/uploads\/2025\/07\/feria-tecnologica-IA-InCuba-480x250.webp",480,250,true]},"rttpg_author":{"display_name":"Equipo de Comunicaci\u00f3n","author_link":"https:\/\/centrosloyolacuba.org\/loyolareina\/author\/editcomunicador\/"},"rttpg_comment":0,"rttpg_category":"<a href=\"https:\/\/centrosloyolacuba.org\/loyolareina\/category\/noticias\/\" rel=\"category tag\">Noticias<\/a>","rttpg_excerpt":"El Centro Loyola Reina fue sede de la Feria Tecnol\u00f3gica, un evento que reuni\u00f3 a emprendedores, especialistas y creativos para explorar el impacto real de la Inteligencia Artificial (IA) en el ecosistema emprendedor cubano...","_links":{"self":[{"href":"https:\/\/centrosloyolacuba.org\/loyolareina\/wp-json\/wp\/v2\/posts\/7330","targetHints":{"allow":["GET"]}}],"collection":[{"href":"https:\/\/centrosloyolacuba.org\/loyolareina\/wp-json\/wp\/v2\/posts"}],"about":[{"href":"https:\/\/centrosloyolacuba.org\/loyolareina\/wp-json\/wp\/v2\/types\/post"}],"author":[{"embeddable":true,"href":"https:\/\/centrosloyolacuba.org\/loyolareina\/wp-json\/wp\/v2\/users\/3"}],"replies":[{"embeddable":true,"href":"https:\/\/centrosloyolacuba.org\/loyolareina\/wp-json\/wp\/v2\/comments?post=7330"}],"version-history":[{"count":27,"href":"https:\/\/centrosloyolacuba.org\/loyolareina\/wp-json\/wp\/v2\/posts\/7330\/revisions"}],"predecessor-version":[{"id":7385,"href":"https:\/\/centrosloyolacuba.org\/loyolareina\/wp-json\/wp\/v2\/posts\/7330\/revisions\/7385"}],"wp:featuredmedia":[{"embeddable":true,"href":"https:\/\/centrosloyolacuba.org\/loyolareina\/wp-json\/wp\/v2\/media\/7334"}],"wp:attachment":[{"href":"https:\/\/centrosloyolacuba.org\/loyolareina\/wp-json\/wp\/v2\/media?parent=7330"}],"wp:term":[{"taxonomy":"category","embeddable":true,"href":"https:\/\/centrosloyolacuba.org\/loyolareina\/wp-json\/wp\/v2\/categories?post=7330"},{"taxonomy":"post_tag","embeddable":true,"href":"https:\/\/centrosloyolacuba.org\/loyolareina\/wp-json\/wp\/v2\/tags?post=7330"},{"taxonomy":"author","embeddable":true,"href":"https:\/\/centrosloyolacuba.org\/loyolareina\/wp-json\/wp\/v2\/ppma_author?post=7330"}],"curies":[{"name":"wp","href":"https:\/\/api.w.org\/{rel}","templated":true}]}}