{"id":7281,"date":"2025-06-27T17:50:57","date_gmt":"2025-06-27T22:50:57","guid":{"rendered":"https:\/\/centrosloyolacuba.org\/loyolareina\/?p=7281"},"modified":"2025-07-25T21:06:06","modified_gmt":"2025-07-26T02:06:06","slug":"centroloyolareina-org-fin-curso-proyecto-otono-celebracion-familiar","status":"publish","type":"post","link":"https:\/\/centrosloyolacuba.org\/loyolareina\/centroloyolareina-org-fin-curso-proyecto-otono-celebracion-familiar\/","title":{"rendered":"Fin de Curso del Proyecto Oto\u00f1o: Una Fiesta de Familia, Recuerdos y Alegr\u00eda"},"content":{"rendered":"\n<p>El <strong><a href=\"https:\/\/centrosloyolacuba.org\/loyolareina\/\" target=\"_blank\" rel=\"noreferrer noopener\">Centro Loyola Reina<\/a><\/strong> se visti\u00f3 de fiesta para celebrar el cierre de los cursos y talleres del <strong><a href=\"https:\/\/centrosloyolacuba.org\/loyolareina\/otono\/\" target=\"_blank\" rel=\"noreferrer noopener\">Proyecto Oto\u00f1o<\/a><\/strong>, en una jornada que desbord\u00f3 emociones, sonrisas y, sobre todo, uni\u00f3n familiar. Esta ocasi\u00f3n especial no solo marc\u00f3 el final de un ciclo de aprendizaje y convivencia, sino que tambi\u00e9n fue el escenario perfecto para festejar el D\u00eda de los Padres y los cumplea\u00f1os colectivos de nuestros adultos mayores nacidos entre marzo y junio.<\/p>\n\n\n\n<figure class=\"wp-block-gallery has-nested-images columns-default is-cropped wp-block-gallery-1 is-layout-flex wp-block-gallery-is-layout-flex\">\n<figure class=\"wp-block-image size-large\"><a href=\"https:\/\/centrosloyolacuba.org\/loyolareina\/wp-content\/uploads\/2025\/06\/celebracion-de-cumpleanos.webp\"><img fetchpriority=\"high\" decoding=\"async\" width=\"640\" height=\"480\" data-id=\"7288\" src=\"https:\/\/centrosloyolacuba.org\/loyolareina\/wp-content\/uploads\/2025\/06\/celebracion-de-cumpleanos.webp\" alt=\"\" class=\"wp-image-7288\" srcset=\"https:\/\/centrosloyolacuba.org\/loyolareina\/wp-content\/uploads\/2025\/06\/celebracion-de-cumpleanos.webp 640w, https:\/\/centrosloyolacuba.org\/loyolareina\/wp-content\/uploads\/2025\/06\/celebracion-de-cumpleanos-300x225.webp 300w\" sizes=\"(max-width: 640px) 100vw, 640px\" \/><\/a><\/figure>\n\n\n\n<figure class=\"wp-block-image size-large\"><a href=\"https:\/\/centrosloyolacuba.org\/loyolareina\/wp-content\/uploads\/2025\/06\/Otono-2025.webp\"><img decoding=\"async\" width=\"640\" height=\"480\" data-id=\"7289\" src=\"https:\/\/centrosloyolacuba.org\/loyolareina\/wp-content\/uploads\/2025\/06\/Otono-2025.webp\" alt=\"\" class=\"wp-image-7289\" srcset=\"https:\/\/centrosloyolacuba.org\/loyolareina\/wp-content\/uploads\/2025\/06\/Otono-2025.webp 640w, https:\/\/centrosloyolacuba.org\/loyolareina\/wp-content\/uploads\/2025\/06\/Otono-2025-300x225.webp 300w\" sizes=\"(max-width: 640px) 100vw, 640px\" \/><\/a><\/figure>\n\n\n\n<figure class=\"wp-block-image size-large\"><a href=\"https:\/\/centrosloyolacuba.org\/loyolareina\/wp-content\/uploads\/2025\/06\/comienzo-de-la-actividad.webp\"><img decoding=\"async\" width=\"640\" height=\"480\" data-id=\"7292\" src=\"https:\/\/centrosloyolacuba.org\/loyolareina\/wp-content\/uploads\/2025\/06\/comienzo-de-la-actividad.webp\" alt=\"\" class=\"wp-image-7292\" srcset=\"https:\/\/centrosloyolacuba.org\/loyolareina\/wp-content\/uploads\/2025\/06\/comienzo-de-la-actividad.webp 640w, https:\/\/centrosloyolacuba.org\/loyolareina\/wp-content\/uploads\/2025\/06\/comienzo-de-la-actividad-300x225.webp 300w\" sizes=\"(max-width: 640px) 100vw, 640px\" \/><\/a><\/figure>\n<\/figure>\n\n\n\n<h2 class=\"wp-block-heading\"><br><strong>Un homenaje al presente y a quienes nos acompa\u00f1an desde el recuerdo<\/strong><\/h2>\n\n\n\n<p>La ma\u00f1ana comenz\u00f3 con un emotivo reconocimiento a la presencia de colaboradores, otros proyectos e instituciones amigas que han acompa\u00f1ado y fortalecido el Proyecto Oto\u00f1o. Pero el momento m\u00e1s sentido fue el aplauso al cielo, dedicado a Martica, Maricela y Gladys, tres usuarias entra\u00f1ables que dejaron una huella imborrable en la comunidad. El cari\u00f1o de todos se elev\u00f3 en un aplauso c\u00e1lido, llev\u00e1ndoles nuestro amor y gratitud all\u00e1 donde est\u00e9n.<\/p>\n\n\n\n<h2 class=\"wp-block-heading\"><strong>Oto\u00f1o que florece como primavera<\/strong><\/h2>\n\n\n\n<p>La jornada continu\u00f3 con la proyecci\u00f3n de un video que resume el esp\u00edritu del Proyecto Oto\u00f1o: aqu\u00ed, el oto\u00f1o se siente primavera. Bajo esta premisa, el proyecto promueve una cultura del buen envejecer, fomentando el envejecimiento activo, saludable y feliz, donde el bienestar y el emprendimiento en la adultez mayor son protagonistas.<\/p>\n\n\n\n<h2 class=\"wp-block-heading\"><strong>Arte, movimiento y creatividad<\/strong><\/h2>\n\n\n\n<p>El repaso de lo vivido en este ciclo de cursos fue motivo de orgullo. Se recordaron los nuevos talleres: de arte, teatro, canto y escritura creativa, as\u00ed como los espacios de asesor\u00eda sobre emprendimiento. La alegr\u00eda se desbord\u00f3 con la coreograf\u00eda del taller de Bailoterapia, dirigida por la profesora Carolina de la compa\u00f1\u00eda Flamenca Ecos, en colaboraci\u00f3n con el proyecto El Avispero de los Molinos. El baile fue solo el pretexto: lo importante fue el ejercicio del cuerpo y la mente, y la energ\u00eda compartida.<\/p>\n\n\n\n<figure class=\"wp-block-gallery has-nested-images columns-default is-cropped wp-block-gallery-2 is-layout-flex wp-block-gallery-is-layout-flex\">\n<figure class=\"wp-block-image size-large\"><a href=\"https:\/\/centrosloyolacuba.org\/loyolareina\/wp-content\/uploads\/2025\/06\/Bailoterapia.webp\"><img loading=\"lazy\" decoding=\"async\" width=\"640\" height=\"480\" data-id=\"7295\" src=\"https:\/\/centrosloyolacuba.org\/loyolareina\/wp-content\/uploads\/2025\/06\/Bailoterapia.webp\" alt=\"\" class=\"wp-image-7295\" srcset=\"https:\/\/centrosloyolacuba.org\/loyolareina\/wp-content\/uploads\/2025\/06\/Bailoterapia.webp 640w, https:\/\/centrosloyolacuba.org\/loyolareina\/wp-content\/uploads\/2025\/06\/Bailoterapia-300x225.webp 300w\" sizes=\"(max-width: 640px) 100vw, 640px\" \/><\/a><\/figure>\n\n\n\n<figure class=\"wp-block-image size-large\"><a href=\"https:\/\/centrosloyolacuba.org\/loyolareina\/wp-content\/uploads\/2025\/06\/Grupo-de-teatro-Otono.webp\"><img loading=\"lazy\" decoding=\"async\" width=\"640\" height=\"480\" data-id=\"7296\" src=\"https:\/\/centrosloyolacuba.org\/loyolareina\/wp-content\/uploads\/2025\/06\/Grupo-de-teatro-Otono.webp\" alt=\"\" class=\"wp-image-7296\" srcset=\"https:\/\/centrosloyolacuba.org\/loyolareina\/wp-content\/uploads\/2025\/06\/Grupo-de-teatro-Otono.webp 640w, https:\/\/centrosloyolacuba.org\/loyolareina\/wp-content\/uploads\/2025\/06\/Grupo-de-teatro-Otono-300x225.webp 300w\" sizes=\"(max-width: 640px) 100vw, 640px\" \/><\/a><\/figure>\n\n\n\n<figure class=\"wp-block-image size-large\"><a href=\"https:\/\/centrosloyolacuba.org\/loyolareina\/wp-content\/uploads\/2025\/06\/Coro-Loyola.webp\"><img loading=\"lazy\" decoding=\"async\" width=\"640\" height=\"482\" data-id=\"7312\" src=\"https:\/\/centrosloyolacuba.org\/loyolareina\/wp-content\/uploads\/2025\/06\/Coro-Loyola.webp\" alt=\"\" class=\"wp-image-7312\" srcset=\"https:\/\/centrosloyolacuba.org\/loyolareina\/wp-content\/uploads\/2025\/06\/Coro-Loyola.webp 640w, https:\/\/centrosloyolacuba.org\/loyolareina\/wp-content\/uploads\/2025\/06\/Coro-Loyola-300x226.webp 300w\" sizes=\"(max-width: 640px) 100vw, 640px\" \/><\/a><\/figure>\n<\/figure>\n\n\n\n<p><br><br>El escenario se llen\u00f3 de talento con las presentaciones del Coro Oto\u00f1o, declamadores, narradores orales y el grupo de teatro, que present\u00f3 un fragmento de su obra \u201cPill\u00edn\u201d. Los cursos de telefon\u00eda m\u00f3vil y entrenamiento cognitivo tambi\u00e9n mostraron sus logros, demostrando que el aprendizaje no tiene edad.<\/p>\n\n\n\n<h2 class=\"wp-block-heading\"><strong>Una celebraci\u00f3n verdaderamente familiar<\/strong><\/h2>\n\n\n\n<p>Lo m\u00e1s especial de este cierre fue la presencia de las familias completas: muchos de los usuarios estuvieron acompa\u00f1ados por sus hijos, nietos y hasta bisnietos. El Centro Loyola Reina se transform\u00f3 en un gran hogar donde varias generaciones compartieron celebraron y aprendieron juntas. La atm\u00f3sfera recordaba a una colmena vibrante y llena de vida, en la que todos, grandes y chicos, se unieron para festejar.<\/p>\n\n\n\n<figure class=\"wp-block-gallery has-nested-images columns-default is-cropped wp-block-gallery-3 is-layout-flex wp-block-gallery-is-layout-flex\">\n<figure class=\"wp-block-image size-full\"><a href=\"https:\/\/centrosloyolacuba.org\/loyolareina\/wp-content\/uploads\/2025\/06\/varias-generaciones-compartieron-en-Otono.webp\"><img loading=\"lazy\" decoding=\"async\" width=\"640\" height=\"480\" data-id=\"7299\" src=\"https:\/\/centrosloyolacuba.org\/loyolareina\/wp-content\/uploads\/2025\/06\/varias-generaciones-compartieron-en-Otono.webp\" alt=\"\" class=\"wp-image-7299\" srcset=\"https:\/\/centrosloyolacuba.org\/loyolareina\/wp-content\/uploads\/2025\/06\/varias-generaciones-compartieron-en-Otono.webp 640w, https:\/\/centrosloyolacuba.org\/loyolareina\/wp-content\/uploads\/2025\/06\/varias-generaciones-compartieron-en-Otono-300x225.webp 300w\" sizes=\"(max-width: 640px) 100vw, 640px\" \/><\/a><\/figure>\n\n\n\n<figure class=\"wp-block-image size-full\"><a href=\"https:\/\/centrosloyolacuba.org\/loyolareina\/wp-content\/uploads\/2025\/06\/varias-generaciones-compartieron01.webp\"><img loading=\"lazy\" decoding=\"async\" width=\"640\" height=\"480\" data-id=\"7300\" src=\"https:\/\/centrosloyolacuba.org\/loyolareina\/wp-content\/uploads\/2025\/06\/varias-generaciones-compartieron01.webp\" alt=\"\" class=\"wp-image-7300\" srcset=\"https:\/\/centrosloyolacuba.org\/loyolareina\/wp-content\/uploads\/2025\/06\/varias-generaciones-compartieron01.webp 640w, https:\/\/centrosloyolacuba.org\/loyolareina\/wp-content\/uploads\/2025\/06\/varias-generaciones-compartieron01-300x225.webp 300w\" sizes=\"(max-width: 640px) 100vw, 640px\" \/><\/a><\/figure>\n<\/figure>\n\n\n\n<h2 class=\"wp-block-heading\"><br><strong>Un cierre lleno de m\u00fasica y alegr\u00eda intergeneracional<\/strong><\/h2>\n\n\n\n<p>La m\u00fasica no pod\u00eda faltar, y los cantantes invitados de la comunidad pusieron el broche de oro a la celebraci\u00f3n. El cierre estuvo a cargo de la compa\u00f1\u00eda teatral La Colmenita, espec\u00edficamente con &nbsp;\u00abLos Me\u00f1equitos\u00bb, quienes llenaron de ternura y risas el espacio, propiciando un hermoso intercambio entre generaciones. Fue un momento m\u00e1gico donde los m\u00e1s peque\u00f1os y los mayores compartieron escenario y alegr\u00eda, reafirmando que la familia y la comunidad son el coraz\u00f3n del Proyecto Oto\u00f1o.<\/p>\n\n\n\n<figure class=\"wp-block-gallery has-nested-images columns-default is-cropped wp-block-gallery-4 is-layout-flex wp-block-gallery-is-layout-flex\">\n<figure class=\"wp-block-image size-large\"><a href=\"https:\/\/centrosloyolacuba.org\/loyolareina\/wp-content\/uploads\/2025\/06\/La-Colmenita.webp\"><img loading=\"lazy\" decoding=\"async\" width=\"640\" height=\"360\" data-id=\"7304\" src=\"https:\/\/centrosloyolacuba.org\/loyolareina\/wp-content\/uploads\/2025\/06\/La-Colmenita.webp\" alt=\"\" class=\"wp-image-7304\" srcset=\"https:\/\/centrosloyolacuba.org\/loyolareina\/wp-content\/uploads\/2025\/06\/La-Colmenita.webp 640w, https:\/\/centrosloyolacuba.org\/loyolareina\/wp-content\/uploads\/2025\/06\/La-Colmenita-300x169.webp 300w\" sizes=\"(max-width: 640px) 100vw, 640px\" \/><\/a><\/figure>\n\n\n\n<figure class=\"wp-block-image size-large\"><a href=\"https:\/\/centrosloyolacuba.org\/loyolareina\/wp-content\/uploads\/2025\/06\/La-Colmenita-fin-de-curso-Otono.webp\"><img loading=\"lazy\" decoding=\"async\" width=\"640\" height=\"480\" data-id=\"7305\" src=\"https:\/\/centrosloyolacuba.org\/loyolareina\/wp-content\/uploads\/2025\/06\/La-Colmenita-fin-de-curso-Otono.webp\" alt=\"\" class=\"wp-image-7305\" srcset=\"https:\/\/centrosloyolacuba.org\/loyolareina\/wp-content\/uploads\/2025\/06\/La-Colmenita-fin-de-curso-Otono.webp 640w, https:\/\/centrosloyolacuba.org\/loyolareina\/wp-content\/uploads\/2025\/06\/La-Colmenita-fin-de-curso-Otono-300x225.webp 300w\" sizes=\"(max-width: 640px) 100vw, 640px\" \/><\/a><\/figure>\n\n\n\n<figure class=\"wp-block-image size-large\"><a href=\"https:\/\/centrosloyolacuba.org\/loyolareina\/wp-content\/uploads\/2025\/06\/Colmenita-repartiendo-abrazos.webp\"><img loading=\"lazy\" decoding=\"async\" width=\"480\" height=\"360\" data-id=\"7307\" src=\"https:\/\/centrosloyolacuba.org\/loyolareina\/wp-content\/uploads\/2025\/06\/Colmenita-repartiendo-abrazos.webp\" alt=\"\" class=\"wp-image-7307\" srcset=\"https:\/\/centrosloyolacuba.org\/loyolareina\/wp-content\/uploads\/2025\/06\/Colmenita-repartiendo-abrazos.webp 480w, https:\/\/centrosloyolacuba.org\/loyolareina\/wp-content\/uploads\/2025\/06\/Colmenita-repartiendo-abrazos-300x225.webp 300w\" sizes=\"(max-width: 480px) 100vw, 480px\" \/><\/a><\/figure>\n\n\n\n<figure class=\"wp-block-image size-full\"><a href=\"https:\/\/centrosloyolacuba.org\/loyolareina\/wp-content\/uploads\/2025\/06\/Colmenita-repartiendo-besos.webp\"><img loading=\"lazy\" decoding=\"async\" width=\"640\" height=\"480\" data-id=\"7310\" src=\"https:\/\/centrosloyolacuba.org\/loyolareina\/wp-content\/uploads\/2025\/06\/Colmenita-repartiendo-besos.webp\" alt=\"\" class=\"wp-image-7310\" srcset=\"https:\/\/centrosloyolacuba.org\/loyolareina\/wp-content\/uploads\/2025\/06\/Colmenita-repartiendo-besos.webp 640w, https:\/\/centrosloyolacuba.org\/loyolareina\/wp-content\/uploads\/2025\/06\/Colmenita-repartiendo-besos-300x225.webp 300w\" sizes=\"(max-width: 640px) 100vw, 640px\" \/><\/a><\/figure>\n<\/figure>\n<p>Visitas: 35<\/p>","protected":false},"excerpt":{"rendered":"<p>El Centro Loyola Reina se visti\u00f3 de fiesta para celebrar el cierre de los cursos y talleres del Proyecto Oto\u00f1o, en una jornada que desbord\u00f3 emociones, sonrisas y, sobre todo, uni\u00f3n familiar&#8230;<\/p>\n","protected":false},"author":3,"featured_media":7283,"comment_status":"open","ping_status":"open","sticky":false,"template":"","format":"standard","meta":{"site-sidebar-layout":"default","site-content-layout":"","ast-site-content-layout":"default","site-content-style":"default","site-sidebar-style":"default","ast-global-header-display":"","ast-banner-title-visibility":"","ast-main-header-display":"","ast-hfb-above-header-display":"","ast-hfb-below-header-display":"","ast-hfb-mobile-header-display":"","site-post-title":"","ast-breadcrumbs-content":"","ast-featured-img":"disabled","footer-sml-layout":"","theme-transparent-header-meta":"","adv-header-id-meta":"","stick-header-meta":"","header-above-stick-meta":"","header-main-stick-meta":"","header-below-stick-meta":"","astra-migrate-meta-layouts":"set","ast-page-background-enabled":"default","ast-page-background-meta":{"desktop":{"background-color":"","background-image":"","background-repeat":"repeat","background-position":"center center","background-size":"auto","background-attachment":"scroll","background-type":"","background-media":"","overlay-type":"","overlay-color":"","overlay-opacity":"","overlay-gradient":""},"tablet":{"background-color":"","background-image":"","background-repeat":"repeat","background-position":"center center","background-size":"auto","background-attachment":"scroll","background-type":"","background-media":"","overlay-type":"","overlay-color":"","overlay-opacity":"","overlay-gradient":""},"mobile":{"background-color":"","background-image":"","background-repeat":"repeat","background-position":"center center","background-size":"auto","background-attachment":"scroll","background-type":"","background-media":"","overlay-type":"","overlay-color":"","overlay-opacity":"","overlay-gradient":""}},"ast-content-background-meta":{"desktop":{"background-color":"var(--ast-global-color-5)","background-image":"","background-repeat":"repeat","background-position":"center center","background-size":"auto","background-attachment":"scroll","background-type":"","background-media":"","overlay-type":"","overlay-color":"","overlay-opacity":"","overlay-gradient":""},"tablet":{"background-color":"var(--ast-global-color-5)","background-image":"","background-repeat":"repeat","background-position":"center center","background-size":"auto","background-attachment":"scroll","background-type":"","background-media":"","overlay-type":"","overlay-color":"","overlay-opacity":"","overlay-gradient":""},"mobile":{"background-color":"var(--ast-global-color-5)","background-image":"","background-repeat":"repeat","background-position":"center center","background-size":"auto","background-attachment":"scroll","background-type":"","background-media":"","overlay-type":"","overlay-color":"","overlay-opacity":"","overlay-gradient":""}},"episode_type":"","audio_file":"","podmotor_file_id":"","podmotor_episode_id":"","cover_image":"","cover_image_id":"","duration":"","filesize":"","filesize_raw":"","date_recorded":"","explicit":"","block":"","itunes_episode_number":"","itunes_title":"","itunes_season_number":"","itunes_episode_type":"","footnotes":""},"categories":[8],"tags":[52,60],"ppma_author":[21],"class_list":["post-7281","post","type-post","status-publish","format-standard","has-post-thumbnail","hentry","category-noticias","tag-loyola-reina","tag-programa-otono"],"authors":[{"term_id":21,"user_id":3,"is_guest":0,"slug":"editcomunicador","display_name":"Equipo de Comunicaci\u00f3n","avatar_url":"http:\/\/centrosloyolacuba.org\/loyolareina\/wp-content\/uploads\/2024\/04\/Avatars-Comunicaciones-96x96.webp","0":null,"1":"","2":"","3":"","4":"","5":"","6":"","7":"","8":""}],"rttpg_featured_image_url":{"full":["https:\/\/centrosloyolacuba.org\/loyolareina\/wp-content\/uploads\/2025\/06\/Fin-de-curso-Otono-2025.webp",480,360,false],"landscape":["https:\/\/centrosloyolacuba.org\/loyolareina\/wp-content\/uploads\/2025\/06\/Fin-de-curso-Otono-2025.webp",480,360,false],"portraits":["https:\/\/centrosloyolacuba.org\/loyolareina\/wp-content\/uploads\/2025\/06\/Fin-de-curso-Otono-2025.webp",480,360,false],"thumbnail":["https:\/\/centrosloyolacuba.org\/loyolareina\/wp-content\/uploads\/2025\/06\/Fin-de-curso-Otono-2025-150x150.webp",150,150,true],"medium":["https:\/\/centrosloyolacuba.org\/loyolareina\/wp-content\/uploads\/2025\/06\/Fin-de-curso-Otono-2025-300x225.webp",300,225,true],"large":["https:\/\/centrosloyolacuba.org\/loyolareina\/wp-content\/uploads\/2025\/06\/Fin-de-curso-Otono-2025.webp",480,360,false],"1536x1536":["https:\/\/centrosloyolacuba.org\/loyolareina\/wp-content\/uploads\/2025\/06\/Fin-de-curso-Otono-2025.webp",480,360,false],"2048x2048":["https:\/\/centrosloyolacuba.org\/loyolareina\/wp-content\/uploads\/2025\/06\/Fin-de-curso-Otono-2025.webp",480,360,false],"bm-post-thumb":["https:\/\/centrosloyolacuba.org\/loyolareina\/wp-content\/uploads\/2025\/06\/Fin-de-curso-Otono-2025-250x250.webp",250,250,true],"bm-post-medium":["https:\/\/centrosloyolacuba.org\/loyolareina\/wp-content\/uploads\/2025\/06\/Fin-de-curso-Otono-2025-480x250.webp",480,250,true]},"rttpg_author":{"display_name":"Equipo de Comunicaci\u00f3n","author_link":"https:\/\/centrosloyolacuba.org\/loyolareina\/author\/editcomunicador\/"},"rttpg_comment":1,"rttpg_category":"<a href=\"https:\/\/centrosloyolacuba.org\/loyolareina\/category\/noticias\/\" rel=\"category tag\">Noticias<\/a>","rttpg_excerpt":"El Centro Loyola Reina se visti\u00f3 de fiesta para celebrar el cierre de los cursos y talleres del Proyecto Oto\u00f1o, en una jornada que desbord\u00f3 emociones, sonrisas y, sobre todo, uni\u00f3n familiar...","_links":{"self":[{"href":"https:\/\/centrosloyolacuba.org\/loyolareina\/wp-json\/wp\/v2\/posts\/7281","targetHints":{"allow":["GET"]}}],"collection":[{"href":"https:\/\/centrosloyolacuba.org\/loyolareina\/wp-json\/wp\/v2\/posts"}],"about":[{"href":"https:\/\/centrosloyolacuba.org\/loyolareina\/wp-json\/wp\/v2\/types\/post"}],"author":[{"embeddable":true,"href":"https:\/\/centrosloyolacuba.org\/loyolareina\/wp-json\/wp\/v2\/users\/3"}],"replies":[{"embeddable":true,"href":"https:\/\/centrosloyolacuba.org\/loyolareina\/wp-json\/wp\/v2\/comments?post=7281"}],"version-history":[{"count":13,"href":"https:\/\/centrosloyolacuba.org\/loyolareina\/wp-json\/wp\/v2\/posts\/7281\/revisions"}],"predecessor-version":[{"id":7478,"href":"https:\/\/centrosloyolacuba.org\/loyolareina\/wp-json\/wp\/v2\/posts\/7281\/revisions\/7478"}],"wp:featuredmedia":[{"embeddable":true,"href":"https:\/\/centrosloyolacuba.org\/loyolareina\/wp-json\/wp\/v2\/media\/7283"}],"wp:attachment":[{"href":"https:\/\/centrosloyolacuba.org\/loyolareina\/wp-json\/wp\/v2\/media?parent=7281"}],"wp:term":[{"taxonomy":"category","embeddable":true,"href":"https:\/\/centrosloyolacuba.org\/loyolareina\/wp-json\/wp\/v2\/categories?post=7281"},{"taxonomy":"post_tag","embeddable":true,"href":"https:\/\/centrosloyolacuba.org\/loyolareina\/wp-json\/wp\/v2\/tags?post=7281"},{"taxonomy":"author","embeddable":true,"href":"https:\/\/centrosloyolacuba.org\/loyolareina\/wp-json\/wp\/v2\/ppma_author?post=7281"}],"curies":[{"name":"wp","href":"https:\/\/api.w.org\/{rel}","templated":true}]}}