{"id":7266,"date":"2025-06-26T16:56:57","date_gmt":"2025-06-26T21:56:57","guid":{"rendered":"https:\/\/centrosloyolacuba.org\/loyolareina\/?p=7266"},"modified":"2025-06-26T17:40:31","modified_gmt":"2025-06-26T22:40:31","slug":"centroloyolareina-org-mujeres-de-hoy-celebracion-comunidad-empoderamiento","status":"publish","type":"post","link":"https:\/\/centrosloyolacuba.org\/loyolareina\/centroloyolareina-org-mujeres-de-hoy-celebracion-comunidad-empoderamiento\/","title":{"rendered":"Mujeres de Hoy Celebra la Vida, la Comunidad y los Afectos en un Encuentro Especial"},"content":{"rendered":"\n<p>El viernes 20 de Julio, el proyecto <strong><a href=\"https:\/\/centrosloyolacuba.org\/loyolareina\/mujeres-de-hoy\/\" target=\"_blank\" rel=\"noreferrer noopener\">Mujeres de Hoy<\/a><\/strong> del <strong><a href=\"https:\/\/centrosloyolacuba.org\/loyolareina\/\" target=\"_blank\" rel=\"noreferrer noopener\">Centro Loyola Reina<\/a><\/strong> se reuni\u00f3 en una emotiva jornada para celebrar la vida, la comunidad y los afectos que los unen. Este encuentro, lleno de alegr\u00eda y ternura, tuvo como eje central la conmemoraci\u00f3n de los cumplea\u00f1os colectivos del semestre, una tradici\u00f3n que fortalece el sentido de pertenencia y el cuidado mutuo entre todas las participantes. Este tipo de celebraciones refuerzan el compromiso de crear un espacio donde cada mujer se sienta valorada, escuchada y acompa\u00f1ada.<\/p>\n\n\n\n<h2 class=\"wp-block-heading\">Un Momento Inolvidable: Los 15 A\u00f1os de una Joven de la Comunidad<\/h2>\n\n\n\n<p>La ocasi\u00f3n fue a\u00fan m\u00e1s especial porque se celebraron los 15 a\u00f1os de una de las j\u00f3venes integrantes de la comunidad. Este evento se convirti\u00f3 en un momento inolvidable cuando la quincea\u00f1era bail\u00f3 un vals junto a su abuela, un gesto sencillo pero profundamente significativo que conmovi\u00f3 a todos los presentes. Este baile simboliza no solo el paso a una nueva etapa en la vida de la joven, sino tambi\u00e9n la importancia de los lazos familiares y generacionales que fortalecen la identidad y el sentido de pertenencia dentro de Mujeres de Hoy.<\/p>\n\n\n\n<figure class=\"wp-block-gallery has-nested-images columns-default is-cropped wp-block-gallery-1 is-layout-flex wp-block-gallery-is-layout-flex\">\n<figure class=\"wp-block-image size-large\"><a href=\"https:\/\/centrosloyolacuba.org\/loyolareina\/wp-content\/uploads\/2025\/06\/celebraron-los-15-anos-de-una-de-las-jovenes-01.webp\"><img fetchpriority=\"high\" decoding=\"async\" width=\"750\" height=\"422\" data-id=\"7269\" src=\"https:\/\/centrosloyolacuba.org\/loyolareina\/wp-content\/uploads\/2025\/06\/celebraron-los-15-anos-de-una-de-las-jovenes-01.webp\" alt=\"\" class=\"wp-image-7269\" srcset=\"https:\/\/centrosloyolacuba.org\/loyolareina\/wp-content\/uploads\/2025\/06\/celebraron-los-15-anos-de-una-de-las-jovenes-01.webp 750w, https:\/\/centrosloyolacuba.org\/loyolareina\/wp-content\/uploads\/2025\/06\/celebraron-los-15-anos-de-una-de-las-jovenes-01-300x169.webp 300w\" sizes=\"(max-width: 750px) 100vw, 750px\" \/><\/a><\/figure>\n\n\n\n<figure class=\"wp-block-image size-large\"><a href=\"https:\/\/centrosloyolacuba.org\/loyolareina\/wp-content\/uploads\/2025\/06\/celebraron-los-15-anos-de-una-de-las-jovenes-02.webp\"><img decoding=\"async\" width=\"750\" height=\"565\" data-id=\"7271\" src=\"https:\/\/centrosloyolacuba.org\/loyolareina\/wp-content\/uploads\/2025\/06\/celebraron-los-15-anos-de-una-de-las-jovenes-02.webp\" alt=\"\" class=\"wp-image-7271\" srcset=\"https:\/\/centrosloyolacuba.org\/loyolareina\/wp-content\/uploads\/2025\/06\/celebraron-los-15-anos-de-una-de-las-jovenes-02.webp 750w, https:\/\/centrosloyolacuba.org\/loyolareina\/wp-content\/uploads\/2025\/06\/celebraron-los-15-anos-de-una-de-las-jovenes-02-300x226.webp 300w\" sizes=\"(max-width: 750px) 100vw, 750px\" \/><\/a><\/figure>\n\n\n\n<figure class=\"wp-block-image size-large\"><a href=\"https:\/\/centrosloyolacuba.org\/loyolareina\/wp-content\/uploads\/2025\/06\/celebraron-los-15-anos-de-una-de-las-jovenes.webp\"><img decoding=\"async\" width=\"750\" height=\"422\" data-id=\"7270\" src=\"https:\/\/centrosloyolacuba.org\/loyolareina\/wp-content\/uploads\/2025\/06\/celebraron-los-15-anos-de-una-de-las-jovenes.webp\" alt=\"\" class=\"wp-image-7270\" srcset=\"https:\/\/centrosloyolacuba.org\/loyolareina\/wp-content\/uploads\/2025\/06\/celebraron-los-15-anos-de-una-de-las-jovenes.webp 750w, https:\/\/centrosloyolacuba.org\/loyolareina\/wp-content\/uploads\/2025\/06\/celebraron-los-15-anos-de-una-de-las-jovenes-300x169.webp 300w\" sizes=\"(max-width: 750px) 100vw, 750px\" \/><\/a><\/figure>\n<\/figure>\n\n\n\n<h2 class=\"wp-block-heading\"><br><br>Una Fiesta para Todos: Diversi\u00f3n, Juegos y Abrazos Compartidos<\/h2>\n\n\n\n<p>El esp\u00edritu festivo se contagi\u00f3 r\u00e1pidamente y otras personas se sumaron a la pista de baile: madres, amigas, ni\u00f1os y ni\u00f1as que con juegos, abrazos y mucha espontaneidad hicieron de la tarde un momento para atesorar. La celebraci\u00f3n fue un reflejo de la diversidad y la calidez que caracteriza a este proyecto, donde todas las edades y roles encuentran un lugar para expresarse y disfrutar en comunidad. Estas actividades recreativas no solo fomentan la alegr\u00eda, sino que tambi\u00e9n fortalecen los v\u00ednculos afectivos y el sentido de apoyo mutuo.<\/p>\n\n\n\n<figure class=\"wp-block-gallery has-nested-images columns-default is-cropped wp-block-gallery-2 is-layout-flex wp-block-gallery-is-layout-flex\">\n<figure class=\"wp-block-image size-large\"><a href=\"https:\/\/centrosloyolacuba.org\/loyolareina\/wp-content\/uploads\/2025\/06\/celebraron-los-15-02.webp\"><img loading=\"lazy\" decoding=\"async\" width=\"750\" height=\"565\" data-id=\"7277\" src=\"https:\/\/centrosloyolacuba.org\/loyolareina\/wp-content\/uploads\/2025\/06\/celebraron-los-15-02.webp\" alt=\"\" class=\"wp-image-7277\" srcset=\"https:\/\/centrosloyolacuba.org\/loyolareina\/wp-content\/uploads\/2025\/06\/celebraron-los-15-02.webp 750w, https:\/\/centrosloyolacuba.org\/loyolareina\/wp-content\/uploads\/2025\/06\/celebraron-los-15-02-300x226.webp 300w\" sizes=\"(max-width: 750px) 100vw, 750px\" \/><\/a><\/figure>\n\n\n\n<figure class=\"wp-block-image size-large\"><a href=\"https:\/\/centrosloyolacuba.org\/loyolareina\/wp-content\/uploads\/2025\/06\/celebraron-los-15-03.webp\"><img loading=\"lazy\" decoding=\"async\" width=\"750\" height=\"422\" data-id=\"7276\" src=\"https:\/\/centrosloyolacuba.org\/loyolareina\/wp-content\/uploads\/2025\/06\/celebraron-los-15-03.webp\" alt=\"\" class=\"wp-image-7276\" srcset=\"https:\/\/centrosloyolacuba.org\/loyolareina\/wp-content\/uploads\/2025\/06\/celebraron-los-15-03.webp 750w, https:\/\/centrosloyolacuba.org\/loyolareina\/wp-content\/uploads\/2025\/06\/celebraron-los-15-03-300x169.webp 300w\" sizes=\"(max-width: 750px) 100vw, 750px\" \/><\/a><\/figure>\n\n\n\n<figure class=\"wp-block-image size-large\"><a href=\"https:\/\/centrosloyolacuba.org\/loyolareina\/wp-content\/uploads\/2025\/06\/celebraron-los-15.webp\"><img loading=\"lazy\" decoding=\"async\" width=\"750\" height=\"422\" data-id=\"7278\" src=\"https:\/\/centrosloyolacuba.org\/loyolareina\/wp-content\/uploads\/2025\/06\/celebraron-los-15.webp\" alt=\"\" class=\"wp-image-7278\" srcset=\"https:\/\/centrosloyolacuba.org\/loyolareina\/wp-content\/uploads\/2025\/06\/celebraron-los-15.webp 750w, https:\/\/centrosloyolacuba.org\/loyolareina\/wp-content\/uploads\/2025\/06\/celebraron-los-15-300x169.webp 300w\" sizes=\"(max-width: 750px) 100vw, 750px\" \/><\/a><\/figure>\n<\/figure>\n\n\n\n<h2 class=\"wp-block-heading\">Mujeres de Hoy: Celebrar como Forma de Resistencia y Crecimiento Comunitario<\/h2>\n\n\n\n<p>El centro Loyola Reina contin\u00faa apostando por el desarrollo integral de las mujeres, promoviendo espacios donde la alegr\u00eda y el afecto son motores de transformaci\u00f3n. En tiempos donde los desaf\u00edos sociales y personales pueden ser grandes, estos encuentros se convierten en espacios fundamentales para construir redes de solidaridad, autoestima y empoderamiento.  Loyola Reina reafirma as\u00ed su compromiso con el desarrollo integral de las mujeres, promoviendo espacios donde la alegr\u00eda y el afecto son motores de transformaci\u00f3n.<\/p>\n<p>Visitas: 4<\/p>","protected":false},"excerpt":{"rendered":"<p>El viernes 20 de Julio, el proyecto Mujeres de Hoy del Centro Loyola Reina se reuni\u00f3 en una emotiva jornada para celebrar la vida, la comunidad y los afectos que los unen&#8230;<\/p>\n","protected":false},"author":3,"featured_media":7268,"comment_status":"open","ping_status":"open","sticky":false,"template":"","format":"standard","meta":{"site-sidebar-layout":"default","site-content-layout":"","ast-site-content-layout":"default","site-content-style":"default","site-sidebar-style":"default","ast-global-header-display":"","ast-banner-title-visibility":"","ast-main-header-display":"","ast-hfb-above-header-display":"","ast-hfb-below-header-display":"","ast-hfb-mobile-header-display":"","site-post-title":"","ast-breadcrumbs-content":"","ast-featured-img":"disabled","footer-sml-layout":"","theme-transparent-header-meta":"","adv-header-id-meta":"","stick-header-meta":"","header-above-stick-meta":"","header-main-stick-meta":"","header-below-stick-meta":"","astra-migrate-meta-layouts":"set","ast-page-background-enabled":"default","ast-page-background-meta":{"desktop":{"background-color":"","background-image":"","background-repeat":"repeat","background-position":"center center","background-size":"auto","background-attachment":"scroll","background-type":"","background-media":"","overlay-type":"","overlay-color":"","overlay-opacity":"","overlay-gradient":""},"tablet":{"background-color":"","background-image":"","background-repeat":"repeat","background-position":"center center","background-size":"auto","background-attachment":"scroll","background-type":"","background-media":"","overlay-type":"","overlay-color":"","overlay-opacity":"","overlay-gradient":""},"mobile":{"background-color":"","background-image":"","background-repeat":"repeat","background-position":"center center","background-size":"auto","background-attachment":"scroll","background-type":"","background-media":"","overlay-type":"","overlay-color":"","overlay-opacity":"","overlay-gradient":""}},"ast-content-background-meta":{"desktop":{"background-color":"var(--ast-global-color-5)","background-image":"","background-repeat":"repeat","background-position":"center center","background-size":"auto","background-attachment":"scroll","background-type":"","background-media":"","overlay-type":"","overlay-color":"","overlay-opacity":"","overlay-gradient":""},"tablet":{"background-color":"var(--ast-global-color-5)","background-image":"","background-repeat":"repeat","background-position":"center center","background-size":"auto","background-attachment":"scroll","background-type":"","background-media":"","overlay-type":"","overlay-color":"","overlay-opacity":"","overlay-gradient":""},"mobile":{"background-color":"var(--ast-global-color-5)","background-image":"","background-repeat":"repeat","background-position":"center center","background-size":"auto","background-attachment":"scroll","background-type":"","background-media":"","overlay-type":"","overlay-color":"","overlay-opacity":"","overlay-gradient":""}},"episode_type":"","audio_file":"","podmotor_file_id":"","podmotor_episode_id":"","cover_image":"","cover_image_id":"","duration":"","filesize":"","filesize_raw":"","date_recorded":"","explicit":"","block":"","itunes_episode_number":"","itunes_title":"","itunes_season_number":"","itunes_episode_type":"","footnotes":""},"categories":[8],"tags":[27,37],"ppma_author":[21],"class_list":["post-7266","post","type-post","status-publish","format-standard","has-post-thumbnail","hentry","category-noticias","tag-centro-loyola-reina","tag-mujeres-de-hoy"],"authors":[{"term_id":21,"user_id":3,"is_guest":0,"slug":"editcomunicador","display_name":"Equipo de Comunicaci\u00f3n","avatar_url":"http:\/\/centrosloyolacuba.org\/loyolareina\/wp-content\/uploads\/2024\/04\/Avatars-Comunicaciones-96x96.webp","0":null,"1":"","2":"","3":"","4":"","5":"","6":"","7":"","8":""}],"rttpg_featured_image_url":{"full":["https:\/\/centrosloyolacuba.org\/loyolareina\/wp-content\/uploads\/2025\/06\/Celebracon-mujeres-deHoy.webp",480,361,false],"landscape":["https:\/\/centrosloyolacuba.org\/loyolareina\/wp-content\/uploads\/2025\/06\/Celebracon-mujeres-deHoy.webp",480,361,false],"portraits":["https:\/\/centrosloyolacuba.org\/loyolareina\/wp-content\/uploads\/2025\/06\/Celebracon-mujeres-deHoy.webp",480,361,false],"thumbnail":["https:\/\/centrosloyolacuba.org\/loyolareina\/wp-content\/uploads\/2025\/06\/Celebracon-mujeres-deHoy-150x150.webp",150,150,true],"medium":["https:\/\/centrosloyolacuba.org\/loyolareina\/wp-content\/uploads\/2025\/06\/Celebracon-mujeres-deHoy-300x226.webp",300,226,true],"large":["https:\/\/centrosloyolacuba.org\/loyolareina\/wp-content\/uploads\/2025\/06\/Celebracon-mujeres-deHoy.webp",480,361,false],"1536x1536":["https:\/\/centrosloyolacuba.org\/loyolareina\/wp-content\/uploads\/2025\/06\/Celebracon-mujeres-deHoy.webp",480,361,false],"2048x2048":["https:\/\/centrosloyolacuba.org\/loyolareina\/wp-content\/uploads\/2025\/06\/Celebracon-mujeres-deHoy.webp",480,361,false],"bm-post-thumb":["https:\/\/centrosloyolacuba.org\/loyolareina\/wp-content\/uploads\/2025\/06\/Celebracon-mujeres-deHoy-250x250.webp",250,250,true],"bm-post-medium":["https:\/\/centrosloyolacuba.org\/loyolareina\/wp-content\/uploads\/2025\/06\/Celebracon-mujeres-deHoy-480x250.webp",480,250,true]},"rttpg_author":{"display_name":"Equipo de Comunicaci\u00f3n","author_link":"https:\/\/centrosloyolacuba.org\/loyolareina\/author\/editcomunicador\/"},"rttpg_comment":0,"rttpg_category":"<a href=\"https:\/\/centrosloyolacuba.org\/loyolareina\/category\/noticias\/\" rel=\"category tag\">Noticias<\/a>","rttpg_excerpt":"El viernes 20 de Julio, el proyecto Mujeres de Hoy del Centro Loyola Reina se reuni\u00f3 en una emotiva jornada para celebrar la vida, la comunidad y los afectos que los unen...","_links":{"self":[{"href":"https:\/\/centrosloyolacuba.org\/loyolareina\/wp-json\/wp\/v2\/posts\/7266","targetHints":{"allow":["GET"]}}],"collection":[{"href":"https:\/\/centrosloyolacuba.org\/loyolareina\/wp-json\/wp\/v2\/posts"}],"about":[{"href":"https:\/\/centrosloyolacuba.org\/loyolareina\/wp-json\/wp\/v2\/types\/post"}],"author":[{"embeddable":true,"href":"https:\/\/centrosloyolacuba.org\/loyolareina\/wp-json\/wp\/v2\/users\/3"}],"replies":[{"embeddable":true,"href":"https:\/\/centrosloyolacuba.org\/loyolareina\/wp-json\/wp\/v2\/comments?post=7266"}],"version-history":[{"count":5,"href":"https:\/\/centrosloyolacuba.org\/loyolareina\/wp-json\/wp\/v2\/posts\/7266\/revisions"}],"predecessor-version":[{"id":7280,"href":"https:\/\/centrosloyolacuba.org\/loyolareina\/wp-json\/wp\/v2\/posts\/7266\/revisions\/7280"}],"wp:featuredmedia":[{"embeddable":true,"href":"https:\/\/centrosloyolacuba.org\/loyolareina\/wp-json\/wp\/v2\/media\/7268"}],"wp:attachment":[{"href":"https:\/\/centrosloyolacuba.org\/loyolareina\/wp-json\/wp\/v2\/media?parent=7266"}],"wp:term":[{"taxonomy":"category","embeddable":true,"href":"https:\/\/centrosloyolacuba.org\/loyolareina\/wp-json\/wp\/v2\/categories?post=7266"},{"taxonomy":"post_tag","embeddable":true,"href":"https:\/\/centrosloyolacuba.org\/loyolareina\/wp-json\/wp\/v2\/tags?post=7266"},{"taxonomy":"author","embeddable":true,"href":"https:\/\/centrosloyolacuba.org\/loyolareina\/wp-json\/wp\/v2\/ppma_author?post=7266"}],"curies":[{"name":"wp","href":"https:\/\/api.w.org\/{rel}","templated":true}]}}