{"id":7238,"date":"2025-06-24T15:51:15","date_gmt":"2025-06-24T20:51:15","guid":{"rendered":"https:\/\/centrosloyolacuba.org\/loyolareina\/?p=7238"},"modified":"2025-06-24T17:20:35","modified_gmt":"2025-06-24T22:20:35","slug":"taller-fotografia-celular-exposicion-raramuri-loyola-reina","status":"publish","type":"post","link":"https:\/\/centrosloyolacuba.org\/loyolareina\/taller-fotografia-celular-exposicion-raramuri-loyola-reina\/","title":{"rendered":"El ABC de la Fotograf\u00eda: Miradas Curiosas y Creativas en Loyola Reina y Juanelo"},"content":{"rendered":"\n<p>Durante los d\u00edas 17 y 24 de junio, el <strong><a href=\"https:\/\/centrosloyolacuba.org\/loyolareina\/\" target=\"_blank\" rel=\"noreferrer noopener\">Centro Loyola Reina<\/a><\/strong> acogi\u00f3 el taller \u201cEl ABC de la Fotograf\u00eda con Tel\u00e9fono Celular\u201d, impartido por el padre V\u00edctor Ramos Talavera, jesuita mexicano de visita en Cuba. Este curso, tambi\u00e9n realizado en fechas distintas en Loyola Juanelo, estuvo dirigido fundamentalmente a los trabajadores de ambos centros, brindando herramientas esenciales para descubrir y potenciar una mirada curiosa y creativa a trav\u00e9s de la fotograf\u00eda.<\/p>\n\n\n\n<figure class=\"wp-block-gallery has-nested-images columns-default is-cropped wp-block-gallery-1 is-layout-flex wp-block-gallery-is-layout-flex\">\n<figure class=\"wp-block-image size-large\"><a href=\"https:\/\/centrosloyolacuba.org\/loyolareina\/wp-content\/uploads\/2025\/06\/fotografia-abc-loyola-reina.-02-1.webp\"><img fetchpriority=\"high\" decoding=\"async\" width=\"640\" height=\"480\" data-id=\"7246\" src=\"https:\/\/centrosloyolacuba.org\/loyolareina\/wp-content\/uploads\/2025\/06\/fotografia-abc-loyola-reina.-02-1.webp\" alt=\"\" class=\"wp-image-7246\" srcset=\"https:\/\/centrosloyolacuba.org\/loyolareina\/wp-content\/uploads\/2025\/06\/fotografia-abc-loyola-reina.-02-1.webp 640w, https:\/\/centrosloyolacuba.org\/loyolareina\/wp-content\/uploads\/2025\/06\/fotografia-abc-loyola-reina.-02-1-300x225.webp 300w\" sizes=\"(max-width: 640px) 100vw, 640px\" \/><\/a><\/figure>\n\n\n\n<figure class=\"wp-block-image size-large\"><a href=\"https:\/\/centrosloyolacuba.org\/loyolareina\/wp-content\/uploads\/2025\/06\/fotografia-abc-loyola-reina-1.webp\"><img decoding=\"async\" width=\"640\" height=\"480\" data-id=\"7247\" src=\"https:\/\/centrosloyolacuba.org\/loyolareina\/wp-content\/uploads\/2025\/06\/fotografia-abc-loyola-reina-1.webp\" alt=\"\" class=\"wp-image-7247\" srcset=\"https:\/\/centrosloyolacuba.org\/loyolareina\/wp-content\/uploads\/2025\/06\/fotografia-abc-loyola-reina-1.webp 640w, https:\/\/centrosloyolacuba.org\/loyolareina\/wp-content\/uploads\/2025\/06\/fotografia-abc-loyola-reina-1-300x225.webp 300w\" sizes=\"(max-width: 640px) 100vw, 640px\" \/><\/a><\/figure>\n<\/figure>\n\n\n\n<h2 class=\"wp-block-heading\" id=\"un-taller-accesible-para-todos\"><br>Un taller accesible para todos<\/h2>\n\n\n\n<p>Pensado para quienes se inician en el mundo de la fotograf\u00eda, el taller demostr\u00f3 que no es necesario tener una c\u00e1mara profesional para captar im\u00e1genes de calidad. Basta con un tel\u00e9fono celular y el deseo de observar el mundo desde nuevas perspectivas. Los participantes aprendieron sobre composici\u00f3n, planos y \u00e1ngulos, y se sintieron motivados a seguir explorando el arte fotogr\u00e1fico en su vida cotidiana.<\/p>\n\n\n\n<figure class=\"wp-block-gallery has-nested-images columns-default is-cropped wp-block-gallery-2 is-layout-flex wp-block-gallery-is-layout-flex\">\n<figure class=\"wp-block-image size-large\"><a href=\"https:\/\/centrosloyolacuba.org\/loyolareina\/wp-content\/uploads\/2025\/06\/Curso-de-Fotografia-segunda-entrega-scaled.jpg\"><img decoding=\"async\" width=\"1024\" height=\"762\" data-id=\"7250\" src=\"https:\/\/centrosloyolacuba.org\/loyolareina\/wp-content\/uploads\/2025\/06\/Curso-de-Fotografia-segunda-entrega-1024x762.jpg\" alt=\"\" class=\"wp-image-7250\" srcset=\"https:\/\/centrosloyolacuba.org\/loyolareina\/wp-content\/uploads\/2025\/06\/Curso-de-Fotografia-segunda-entrega-1024x762.jpg 1024w, https:\/\/centrosloyolacuba.org\/loyolareina\/wp-content\/uploads\/2025\/06\/Curso-de-Fotografia-segunda-entrega-300x223.jpg 300w, https:\/\/centrosloyolacuba.org\/loyolareina\/wp-content\/uploads\/2025\/06\/Curso-de-Fotografia-segunda-entrega-768x572.jpg 768w, https:\/\/centrosloyolacuba.org\/loyolareina\/wp-content\/uploads\/2025\/06\/Curso-de-Fotografia-segunda-entrega-1536x1143.jpg 1536w, https:\/\/centrosloyolacuba.org\/loyolareina\/wp-content\/uploads\/2025\/06\/Curso-de-Fotografia-segunda-entrega-2048x1524.jpg 2048w\" sizes=\"(max-width: 1024px) 100vw, 1024px\" \/><\/a><\/figure>\n\n\n\n<figure class=\"wp-block-image size-large\"><a href=\"https:\/\/centrosloyolacuba.org\/loyolareina\/wp-content\/uploads\/2025\/06\/IMG_20250617_105823.webp\"><img loading=\"lazy\" decoding=\"async\" width=\"360\" height=\"480\" data-id=\"7249\" src=\"https:\/\/centrosloyolacuba.org\/loyolareina\/wp-content\/uploads\/2025\/06\/IMG_20250617_105823.webp\" alt=\"\" class=\"wp-image-7249\" srcset=\"https:\/\/centrosloyolacuba.org\/loyolareina\/wp-content\/uploads\/2025\/06\/IMG_20250617_105823.webp 360w, https:\/\/centrosloyolacuba.org\/loyolareina\/wp-content\/uploads\/2025\/06\/IMG_20250617_105823-225x300.webp 225w\" sizes=\"(max-width: 360px) 100vw, 360px\" \/><\/a><\/figure>\n<\/figure>\n\n\n\n<h2 class=\"wp-block-heading\" id=\"compartir-y-aprender-en-comunidad\"><br>Compartir y aprender en comunidad<\/h2>\n\n\n\n<p>Tras la primera jornada, el padre V\u00edctor gener\u00f3 un espacio especial de intercambio con el grupo de comunicadores del Centro Loyola, donde comparti\u00f3 valiosos consejos sobre c\u00f3mo comunicar en un ambiente familiar y de confianza, como si se tratara de compa\u00f1eros de toda la vida. Este momento fortaleci\u00f3 el esp\u00edritu de equipo y la cercan\u00eda entre los participantes, enriqueciendo la experiencia formativa.<\/p>\n\n\n\n<h2 class=\"wp-block-heading\" id=\"exposicin-fotogrfica-un-viaje-a-la-autenticidad-de\">Exposici\u00f3n fotogr\u00e1fica: Un viaje a la autenticidad del pueblo Rar\u00e1muri<\/h2>\n\n\n\n<p>Como parte de su visita, el padre V\u00edctor comparti\u00f3 una exposici\u00f3n especial de 22 fotograf\u00edas del artista mexicano Daniel Vargas, instalada en el primer pasillo del <strong><a href=\"https:\/\/centrosloyolacuba.org\/loyolareina\/\" target=\"_blank\" rel=\"noreferrer noopener\">Centro Loyola Reina<\/a><\/strong> hasta el 7 de julio. Las im\u00e1genes retratan la vida del <strong><a href=\"https:\/\/es.wikipedia.org\/wiki\/Pueblo_rar%C3%A1muri\" target=\"_blank\" rel=\"noreferrer noopener\">pueblo ind\u00edgena Rar\u00e1muri<\/a><\/strong>, en M\u00e9xico, quienes han decidido resistir a la modernidad y vivir fieles a sus costumbres, tradiciones, lengua, vestimenta y creencias.<\/p>\n\n\n\n<figure class=\"wp-block-gallery has-nested-images columns-default is-cropped wp-block-gallery-3 is-layout-flex wp-block-gallery-is-layout-flex\">\n<figure class=\"wp-block-image size-large\"><a href=\"https:\/\/centrosloyolacuba.org\/loyolareina\/wp-content\/uploads\/2025\/06\/pueblo-Raramuri-03.webp\"><img loading=\"lazy\" decoding=\"async\" width=\"640\" height=\"480\" data-id=\"7253\" src=\"https:\/\/centrosloyolacuba.org\/loyolareina\/wp-content\/uploads\/2025\/06\/pueblo-Raramuri-03.webp\" alt=\"\" class=\"wp-image-7253\" srcset=\"https:\/\/centrosloyolacuba.org\/loyolareina\/wp-content\/uploads\/2025\/06\/pueblo-Raramuri-03.webp 640w, https:\/\/centrosloyolacuba.org\/loyolareina\/wp-content\/uploads\/2025\/06\/pueblo-Raramuri-03-300x225.webp 300w\" sizes=\"(max-width: 640px) 100vw, 640px\" \/><\/a><\/figure>\n\n\n\n<figure class=\"wp-block-image size-large\"><a href=\"https:\/\/centrosloyolacuba.org\/loyolareina\/wp-content\/uploads\/2025\/06\/pueblo-Raramuri-04.webp\"><img loading=\"lazy\" decoding=\"async\" width=\"480\" height=\"360\" data-id=\"7256\" src=\"https:\/\/centrosloyolacuba.org\/loyolareina\/wp-content\/uploads\/2025\/06\/pueblo-Raramuri-04.webp\" alt=\"\" class=\"wp-image-7256\" srcset=\"https:\/\/centrosloyolacuba.org\/loyolareina\/wp-content\/uploads\/2025\/06\/pueblo-Raramuri-04.webp 480w, https:\/\/centrosloyolacuba.org\/loyolareina\/wp-content\/uploads\/2025\/06\/pueblo-Raramuri-04-300x225.webp 300w\" sizes=\"(max-width: 480px) 100vw, 480px\" \/><\/a><\/figure>\n\n\n\n<figure class=\"wp-block-image size-large\"><a href=\"https:\/\/centrosloyolacuba.org\/loyolareina\/wp-content\/uploads\/2025\/06\/pueblo-Raramuri-02.webp\"><img loading=\"lazy\" decoding=\"async\" width=\"640\" height=\"480\" data-id=\"7254\" src=\"https:\/\/centrosloyolacuba.org\/loyolareina\/wp-content\/uploads\/2025\/06\/pueblo-Raramuri-02.webp\" alt=\"\" class=\"wp-image-7254\" srcset=\"https:\/\/centrosloyolacuba.org\/loyolareina\/wp-content\/uploads\/2025\/06\/pueblo-Raramuri-02.webp 640w, https:\/\/centrosloyolacuba.org\/loyolareina\/wp-content\/uploads\/2025\/06\/pueblo-Raramuri-02-300x225.webp 300w\" sizes=\"(max-width: 640px) 100vw, 640px\" \/><\/a><\/figure>\n\n\n\n<figure class=\"wp-block-image size-large\"><a href=\"https:\/\/centrosloyolacuba.org\/loyolareina\/wp-content\/uploads\/2025\/06\/pueblo-Raramuri.webp\"><img loading=\"lazy\" decoding=\"async\" width=\"640\" height=\"480\" data-id=\"7255\" src=\"https:\/\/centrosloyolacuba.org\/loyolareina\/wp-content\/uploads\/2025\/06\/pueblo-Raramuri.webp\" alt=\"\" class=\"wp-image-7255\" srcset=\"https:\/\/centrosloyolacuba.org\/loyolareina\/wp-content\/uploads\/2025\/06\/pueblo-Raramuri.webp 640w, https:\/\/centrosloyolacuba.org\/loyolareina\/wp-content\/uploads\/2025\/06\/pueblo-Raramuri-300x225.webp 300w\" sizes=\"(max-width: 640px) 100vw, 640px\" \/><\/a><\/figure>\n<\/figure>\n\n\n\n<p><br>Estas fotograf\u00edas nos invitan a reflexionar sobre el verdadero sentido de la vida, cuestionando la idea de que la felicidad se encuentra en el trabajo que nos agota o en la b\u00fasqueda constante de lo material. El <strong><a href=\"https:\/\/es.wikipedia.org\/wiki\/Pueblo_rar%C3%A1muri\" target=\"_blank\" rel=\"noreferrer noopener\">pueblo Rar\u00e1muri<\/a><\/strong> nos recuerda la importancia de hacer lo que nos da plenitud: contemplar un atardecer, arar la tierra, vivir en comunidad, celebrar la vida y sentirnos conectados con la naturaleza. Esta exposici\u00f3n inspira y desaf\u00eda a repensar nuestros sue\u00f1os y deseos, y a valorar lo esencial en lo que vivimos.<\/p>\n<p>Visitas: 87<\/p>","protected":false},"excerpt":{"rendered":"<p>Durante los d\u00edas 17 y 24 de junio, el Centro Loyola Reina acogi\u00f3 el taller \u201cEl ABC de la Fotograf\u00eda con Tel\u00e9fono Celular\u201d, impartido por el padre V\u00edctor Ramos Talavera, jesuita mexicano de visita en Cuba&#8230;<\/p>\n","protected":false},"author":3,"featured_media":7242,"comment_status":"open","ping_status":"open","sticky":false,"template":"","format":"standard","meta":{"site-sidebar-layout":"default","site-content-layout":"","ast-site-content-layout":"default","site-content-style":"default","site-sidebar-style":"default","ast-global-header-display":"","ast-banner-title-visibility":"","ast-main-header-display":"","ast-hfb-above-header-display":"","ast-hfb-below-header-display":"","ast-hfb-mobile-header-display":"","site-post-title":"","ast-breadcrumbs-content":"","ast-featured-img":"disabled","footer-sml-layout":"","theme-transparent-header-meta":"","adv-header-id-meta":"","stick-header-meta":"","header-above-stick-meta":"","header-main-stick-meta":"","header-below-stick-meta":"","astra-migrate-meta-layouts":"set","ast-page-background-enabled":"default","ast-page-background-meta":{"desktop":{"background-color":"","background-image":"","background-repeat":"repeat","background-position":"center center","background-size":"auto","background-attachment":"scroll","background-type":"","background-media":"","overlay-type":"","overlay-color":"","overlay-opacity":"","overlay-gradient":""},"tablet":{"background-color":"","background-image":"","background-repeat":"repeat","background-position":"center center","background-size":"auto","background-attachment":"scroll","background-type":"","background-media":"","overlay-type":"","overlay-color":"","overlay-opacity":"","overlay-gradient":""},"mobile":{"background-color":"","background-image":"","background-repeat":"repeat","background-position":"center center","background-size":"auto","background-attachment":"scroll","background-type":"","background-media":"","overlay-type":"","overlay-color":"","overlay-opacity":"","overlay-gradient":""}},"ast-content-background-meta":{"desktop":{"background-color":"var(--ast-global-color-5)","background-image":"","background-repeat":"repeat","background-position":"center center","background-size":"auto","background-attachment":"scroll","background-type":"","background-media":"","overlay-type":"","overlay-color":"","overlay-opacity":"","overlay-gradient":""},"tablet":{"background-color":"var(--ast-global-color-5)","background-image":"","background-repeat":"repeat","background-position":"center center","background-size":"auto","background-attachment":"scroll","background-type":"","background-media":"","overlay-type":"","overlay-color":"","overlay-opacity":"","overlay-gradient":""},"mobile":{"background-color":"var(--ast-global-color-5)","background-image":"","background-repeat":"repeat","background-position":"center center","background-size":"auto","background-attachment":"scroll","background-type":"","background-media":"","overlay-type":"","overlay-color":"","overlay-opacity":"","overlay-gradient":""}},"episode_type":"","audio_file":"","podmotor_file_id":"","podmotor_episode_id":"","cover_image":"","cover_image_id":"","duration":"","filesize":"","filesize_raw":"","date_recorded":"","explicit":"","block":"","itunes_episode_number":"","itunes_title":"","itunes_season_number":"","itunes_episode_type":"","footnotes":""},"categories":[8],"tags":[59,58,52],"ppma_author":[21],"class_list":["post-7238","post","type-post","status-publish","format-standard","has-post-thumbnail","hentry","category-noticias","tag-curso-de-fotografia","tag-loyola-juanelo","tag-loyola-reina"],"authors":[{"term_id":21,"user_id":3,"is_guest":0,"slug":"editcomunicador","display_name":"Equipo de Comunicaci\u00f3n","avatar_url":"http:\/\/centrosloyolacuba.org\/loyolareina\/wp-content\/uploads\/2024\/04\/Avatars-Comunicaciones-96x96.webp","0":null,"1":"","2":"","3":"","4":"","5":"","6":"","7":"","8":""}],"rttpg_featured_image_url":{"full":["https:\/\/centrosloyolacuba.org\/loyolareina\/wp-content\/uploads\/2025\/06\/curso-abc-fotigrafia.webp",480,360,false],"landscape":["https:\/\/centrosloyolacuba.org\/loyolareina\/wp-content\/uploads\/2025\/06\/curso-abc-fotigrafia.webp",480,360,false],"portraits":["https:\/\/centrosloyolacuba.org\/loyolareina\/wp-content\/uploads\/2025\/06\/curso-abc-fotigrafia.webp",480,360,false],"thumbnail":["https:\/\/centrosloyolacuba.org\/loyolareina\/wp-content\/uploads\/2025\/06\/curso-abc-fotigrafia-150x150.webp",150,150,true],"medium":["https:\/\/centrosloyolacuba.org\/loyolareina\/wp-content\/uploads\/2025\/06\/curso-abc-fotigrafia-300x225.webp",300,225,true],"large":["https:\/\/centrosloyolacuba.org\/loyolareina\/wp-content\/uploads\/2025\/06\/curso-abc-fotigrafia.webp",480,360,false],"1536x1536":["https:\/\/centrosloyolacuba.org\/loyolareina\/wp-content\/uploads\/2025\/06\/curso-abc-fotigrafia.webp",480,360,false],"2048x2048":["https:\/\/centrosloyolacuba.org\/loyolareina\/wp-content\/uploads\/2025\/06\/curso-abc-fotigrafia.webp",480,360,false],"bm-post-thumb":["https:\/\/centrosloyolacuba.org\/loyolareina\/wp-content\/uploads\/2025\/06\/curso-abc-fotigrafia-250x250.webp",250,250,true],"bm-post-medium":["https:\/\/centrosloyolacuba.org\/loyolareina\/wp-content\/uploads\/2025\/06\/curso-abc-fotigrafia-480x250.webp",480,250,true]},"rttpg_author":{"display_name":"Equipo de Comunicaci\u00f3n","author_link":"https:\/\/centrosloyolacuba.org\/loyolareina\/author\/editcomunicador\/"},"rttpg_comment":0,"rttpg_category":"<a href=\"https:\/\/centrosloyolacuba.org\/loyolareina\/category\/noticias\/\" rel=\"category tag\">Noticias<\/a>","rttpg_excerpt":"Durante los d\u00edas 17 y 24 de junio, el Centro Loyola Reina acogi\u00f3 el taller \u201cEl ABC de la Fotograf\u00eda con Tel\u00e9fono Celular\u201d, impartido por el padre V\u00edctor Ramos Talavera, jesuita mexicano de visita en Cuba...","_links":{"self":[{"href":"https:\/\/centrosloyolacuba.org\/loyolareina\/wp-json\/wp\/v2\/posts\/7238","targetHints":{"allow":["GET"]}}],"collection":[{"href":"https:\/\/centrosloyolacuba.org\/loyolareina\/wp-json\/wp\/v2\/posts"}],"about":[{"href":"https:\/\/centrosloyolacuba.org\/loyolareina\/wp-json\/wp\/v2\/types\/post"}],"author":[{"embeddable":true,"href":"https:\/\/centrosloyolacuba.org\/loyolareina\/wp-json\/wp\/v2\/users\/3"}],"replies":[{"embeddable":true,"href":"https:\/\/centrosloyolacuba.org\/loyolareina\/wp-json\/wp\/v2\/comments?post=7238"}],"version-history":[{"count":10,"href":"https:\/\/centrosloyolacuba.org\/loyolareina\/wp-json\/wp\/v2\/posts\/7238\/revisions"}],"predecessor-version":[{"id":7264,"href":"https:\/\/centrosloyolacuba.org\/loyolareina\/wp-json\/wp\/v2\/posts\/7238\/revisions\/7264"}],"wp:featuredmedia":[{"embeddable":true,"href":"https:\/\/centrosloyolacuba.org\/loyolareina\/wp-json\/wp\/v2\/media\/7242"}],"wp:attachment":[{"href":"https:\/\/centrosloyolacuba.org\/loyolareina\/wp-json\/wp\/v2\/media?parent=7238"}],"wp:term":[{"taxonomy":"category","embeddable":true,"href":"https:\/\/centrosloyolacuba.org\/loyolareina\/wp-json\/wp\/v2\/categories?post=7238"},{"taxonomy":"post_tag","embeddable":true,"href":"https:\/\/centrosloyolacuba.org\/loyolareina\/wp-json\/wp\/v2\/tags?post=7238"},{"taxonomy":"author","embeddable":true,"href":"https:\/\/centrosloyolacuba.org\/loyolareina\/wp-json\/wp\/v2\/ppma_author?post=7238"}],"curies":[{"name":"wp","href":"https:\/\/api.w.org\/{rel}","templated":true}]}}