{"id":7187,"date":"2025-06-15T07:34:21","date_gmt":"2025-06-15T12:34:21","guid":{"rendered":"https:\/\/centrosloyolacuba.org\/loyolareina\/?p=7187"},"modified":"2025-06-15T08:05:22","modified_gmt":"2025-06-15T13:05:22","slug":"decalogo-de-los-padres","status":"publish","type":"post","link":"https:\/\/centrosloyolacuba.org\/loyolareina\/decalogo-de-los-padres\/","title":{"rendered":"DEC\u00c1LOGO DE LOS PADRES"},"content":{"rendered":"\n<ol class=\"wp-block-list\">\n<li><strong>Amar\u00e1s a tu hijo con todo tu coraz\u00f3n, alma y fuerzas, pero sabia-mente con tu cerebro.<\/strong><br><br><\/li>\n\n\n\n<li><strong>Ver\u00e1s en tu hijo una persona y no un objeto de tu pertenencia.<\/strong><br><br><\/li>\n\n\n\n<li><strong>No le exigir\u00e1s amor y respeto, sino que tratar\u00e1s de gan\u00e1rtelo.<\/strong><br><br><\/li>\n\n\n\n<li><strong>Cada vez que sus actos te hagan perder la paciencia,traer\u00e1s a la memoria los tuyos, cuando ten\u00edas su edad.<\/strong><br><br><\/li>\n\n\n\n<li><strong>Recuerda que tu ejemplo ser\u00e1 m\u00e1s elocuente que el mejor de los sermones.<\/strong><br><br><\/li>\n\n\n\n<li><strong>Piensa que tu hijo ve en t\u00ed un ser superior, no lo desilusiones.<\/strong><br><br><\/li>\n\n\n\n<li><strong>Ser\u00e1s en el camino de su vida una se\u00f1al que le impedir\u00e1 tomar rumbos equivocados.<\/strong><br><br><\/li>\n\n\n\n<li><strong>Le ense\u00f1ar\u00e1s a admirar la belleza, a practicar el bien y a amar la verdad.<\/strong><br><br><\/li>\n\n\n\n<li><strong>Brindar\u00e1s atenci\u00f3n a sus problemas cuando \u00e9l considere que puedes ayudar a solucionarlos.<\/strong><br><br><\/li>\n\n\n\n<li><strong>Le ense\u00f1ar\u00e1s con tu palabra y con tu ejemplo a amar a Dios sobre todas las cosas.<\/strong><br><br><\/li>\n<\/ol>\n\n\n\n<figure class=\"wp-block-image aligncenter size-full is-resized\"><a href=\"http:\/\/centrosloyolacuba.org\/loyolareina\/wp-content\/uploads\/2025\/06\/Dia-de-los-padres.webp\"><img fetchpriority=\"high\" decoding=\"async\" width=\"473\" height=\"1024\" src=\"http:\/\/centrosloyolacuba.org\/loyolareina\/wp-content\/uploads\/2025\/06\/Dia-de-los-padres.webp\" alt=\"\" class=\"wp-image-7188\" style=\"width:338px;height:auto\" srcset=\"https:\/\/centrosloyolacuba.org\/loyolareina\/wp-content\/uploads\/2025\/06\/Dia-de-los-padres.webp 473w, https:\/\/centrosloyolacuba.org\/loyolareina\/wp-content\/uploads\/2025\/06\/Dia-de-los-padres-139x300.webp 139w\" sizes=\"(max-width: 473px) 100vw, 473px\" \/><\/a><\/figure>\n\n\n\n<p><\/p>\n<p>Visitas: 13<\/p>","protected":false},"excerpt":{"rendered":"<p>DEC\u00c1LOGO DE LOS PADRES<\/p>\n","protected":false},"author":3,"featured_media":7194,"comment_status":"open","ping_status":"open","sticky":false,"template":"","format":"standard","meta":{"site-sidebar-layout":"default","site-content-layout":"","ast-site-content-layout":"default","site-content-style":"default","site-sidebar-style":"default","ast-global-header-display":"","ast-banner-title-visibility":"","ast-main-header-display":"","ast-hfb-above-header-display":"","ast-hfb-below-header-display":"","ast-hfb-mobile-header-display":"","site-post-title":"","ast-breadcrumbs-content":"","ast-featured-img":"disabled","footer-sml-layout":"","theme-transparent-header-meta":"","adv-header-id-meta":"","stick-header-meta":"","header-above-stick-meta":"","header-main-stick-meta":"","header-below-stick-meta":"","astra-migrate-meta-layouts":"set","ast-page-background-enabled":"default","ast-page-background-meta":{"desktop":{"background-color":"","background-image":"","background-repeat":"repeat","background-position":"center center","background-size":"auto","background-attachment":"scroll","background-type":"","background-media":"","overlay-type":"","overlay-color":"","overlay-opacity":"","overlay-gradient":""},"tablet":{"background-color":"","background-image":"","background-repeat":"repeat","background-position":"center center","background-size":"auto","background-attachment":"scroll","background-type":"","background-media":"","overlay-type":"","overlay-color":"","overlay-opacity":"","overlay-gradient":""},"mobile":{"background-color":"","background-image":"","background-repeat":"repeat","background-position":"center center","background-size":"auto","background-attachment":"scroll","background-type":"","background-media":"","overlay-type":"","overlay-color":"","overlay-opacity":"","overlay-gradient":""}},"ast-content-background-meta":{"desktop":{"background-color":"var(--ast-global-color-5)","background-image":"","background-repeat":"repeat","background-position":"center center","background-size":"auto","background-attachment":"scroll","background-type":"","background-media":"","overlay-type":"","overlay-color":"","overlay-opacity":"","overlay-gradient":""},"tablet":{"background-color":"var(--ast-global-color-5)","background-image":"","background-repeat":"repeat","background-position":"center center","background-size":"auto","background-attachment":"scroll","background-type":"","background-media":"","overlay-type":"","overlay-color":"","overlay-opacity":"","overlay-gradient":""},"mobile":{"background-color":"var(--ast-global-color-5)","background-image":"","background-repeat":"repeat","background-position":"center center","background-size":"auto","background-attachment":"scroll","background-type":"","background-media":"","overlay-type":"","overlay-color":"","overlay-opacity":"","overlay-gradient":""}},"episode_type":"","audio_file":"","podmotor_file_id":"","podmotor_episode_id":"","cover_image":"","cover_image_id":"","duration":"","filesize":"","filesize_raw":"","date_recorded":"","explicit":"","block":"","itunes_episode_number":"","itunes_title":"","itunes_season_number":"","itunes_episode_type":"","footnotes":""},"categories":[8],"tags":[27,56,57],"ppma_author":[21],"class_list":["post-7187","post","type-post","status-publish","format-standard","has-post-thumbnail","hentry","category-noticias","tag-centro-loyola-reina","tag-dia-de-los-padres","tag-familia"],"authors":[{"term_id":21,"user_id":3,"is_guest":0,"slug":"editcomunicador","display_name":"Equipo de Comunicaci\u00f3n","avatar_url":"http:\/\/centrosloyolacuba.org\/loyolareina\/wp-content\/uploads\/2024\/04\/Avatars-Comunicaciones-96x96.webp","0":null,"1":"","2":"","3":"","4":"","5":"","6":"","7":"","8":""}],"rttpg_featured_image_url":{"full":["https:\/\/centrosloyolacuba.org\/loyolareina\/wp-content\/uploads\/2025\/06\/Dia-de-los-padres-loyola-reina.webp",320,480,false],"landscape":["https:\/\/centrosloyolacuba.org\/loyolareina\/wp-content\/uploads\/2025\/06\/Dia-de-los-padres-loyola-reina.webp",320,480,false],"portraits":["https:\/\/centrosloyolacuba.org\/loyolareina\/wp-content\/uploads\/2025\/06\/Dia-de-los-padres-loyola-reina.webp",320,480,false],"thumbnail":["https:\/\/centrosloyolacuba.org\/loyolareina\/wp-content\/uploads\/2025\/06\/Dia-de-los-padres-loyola-reina-150x150.webp",150,150,true],"medium":["https:\/\/centrosloyolacuba.org\/loyolareina\/wp-content\/uploads\/2025\/06\/Dia-de-los-padres-loyola-reina-200x300.webp",200,300,true],"large":["https:\/\/centrosloyolacuba.org\/loyolareina\/wp-content\/uploads\/2025\/06\/Dia-de-los-padres-loyola-reina.webp",320,480,false],"1536x1536":["https:\/\/centrosloyolacuba.org\/loyolareina\/wp-content\/uploads\/2025\/06\/Dia-de-los-padres-loyola-reina.webp",320,480,false],"2048x2048":["https:\/\/centrosloyolacuba.org\/loyolareina\/wp-content\/uploads\/2025\/06\/Dia-de-los-padres-loyola-reina.webp",320,480,false],"bm-post-thumb":["https:\/\/centrosloyolacuba.org\/loyolareina\/wp-content\/uploads\/2025\/06\/Dia-de-los-padres-loyola-reina-250x250.webp",250,250,true],"bm-post-medium":["https:\/\/centrosloyolacuba.org\/loyolareina\/wp-content\/uploads\/2025\/06\/Dia-de-los-padres-loyola-reina-320x250.webp",320,250,true]},"rttpg_author":{"display_name":"Equipo de Comunicaci\u00f3n","author_link":"https:\/\/centrosloyolacuba.org\/loyolareina\/author\/editcomunicador\/"},"rttpg_comment":0,"rttpg_category":"<a href=\"https:\/\/centrosloyolacuba.org\/loyolareina\/category\/noticias\/\" rel=\"category tag\">Noticias<\/a>","rttpg_excerpt":"DEC\u00c1LOGO DE LOS PADRES","_links":{"self":[{"href":"https:\/\/centrosloyolacuba.org\/loyolareina\/wp-json\/wp\/v2\/posts\/7187","targetHints":{"allow":["GET"]}}],"collection":[{"href":"https:\/\/centrosloyolacuba.org\/loyolareina\/wp-json\/wp\/v2\/posts"}],"about":[{"href":"https:\/\/centrosloyolacuba.org\/loyolareina\/wp-json\/wp\/v2\/types\/post"}],"author":[{"embeddable":true,"href":"https:\/\/centrosloyolacuba.org\/loyolareina\/wp-json\/wp\/v2\/users\/3"}],"replies":[{"embeddable":true,"href":"https:\/\/centrosloyolacuba.org\/loyolareina\/wp-json\/wp\/v2\/comments?post=7187"}],"version-history":[{"count":9,"href":"https:\/\/centrosloyolacuba.org\/loyolareina\/wp-json\/wp\/v2\/posts\/7187\/revisions"}],"predecessor-version":[{"id":7206,"href":"https:\/\/centrosloyolacuba.org\/loyolareina\/wp-json\/wp\/v2\/posts\/7187\/revisions\/7206"}],"wp:featuredmedia":[{"embeddable":true,"href":"https:\/\/centrosloyolacuba.org\/loyolareina\/wp-json\/wp\/v2\/media\/7194"}],"wp:attachment":[{"href":"https:\/\/centrosloyolacuba.org\/loyolareina\/wp-json\/wp\/v2\/media?parent=7187"}],"wp:term":[{"taxonomy":"category","embeddable":true,"href":"https:\/\/centrosloyolacuba.org\/loyolareina\/wp-json\/wp\/v2\/categories?post=7187"},{"taxonomy":"post_tag","embeddable":true,"href":"https:\/\/centrosloyolacuba.org\/loyolareina\/wp-json\/wp\/v2\/tags?post=7187"},{"taxonomy":"author","embeddable":true,"href":"https:\/\/centrosloyolacuba.org\/loyolareina\/wp-json\/wp\/v2\/ppma_author?post=7187"}],"curies":[{"name":"wp","href":"https:\/\/api.w.org\/{rel}","templated":true}]}}