{"id":7172,"date":"2025-06-13T13:34:22","date_gmt":"2025-06-13T18:34:22","guid":{"rendered":"https:\/\/centrosloyolacuba.org\/loyolareina\/?p=7172"},"modified":"2025-06-13T14:30:52","modified_gmt":"2025-06-13T19:30:52","slug":"mercado-siembra-comparte-medio-ambiente-loyola-reina","status":"publish","type":"post","link":"https:\/\/centrosloyolacuba.org\/loyolareina\/mercado-siembra-comparte-medio-ambiente-loyola-reina\/","title":{"rendered":"Mercado Siembra y Comparte: Celebrando el Cuidado del Planeta en Loyola Reina"},"content":{"rendered":"\n<p>El mes de junio nos recuerda la importancia de cuidar nuestro entorno con dos fechas clave: el <strong><a href=\"https:\/\/www.un.org\/es\/observances\/environment-day\" target=\"_blank\" rel=\"noreferrer noopener\">D\u00eda Mundial del Medio Ambiente<\/a><\/strong> (5 de junio) y el <strong><a href=\"https:\/\/www.un.org\/es\/observances\/oceans-day\" target=\"_blank\" rel=\"noreferrer noopener\">D\u00eda Mundial de los Oc\u00e9anos<\/a><\/strong> (8 de junio). Inspirados por este llamado a la acci\u00f3n colectiva, en el <strong><a href=\"https:\/\/centrosloyolacuba.org\/loyolareina\/\" target=\"_blank\" rel=\"noreferrer noopener\">Centro Loyola Reina<\/a><\/strong> nos reunimos para celebrarlo en el Mercado Siembra y Comparte, un espacio donde la naturaleza, la comunidad y la sostenibilidad se dan la mano.<\/p>\n\n\n\n<h2 class=\"wp-block-heading\">Un encuentro para sembrar, aprender y compartir<\/h2>\n\n\n\n<p>La jornada estuvo llena de actividades significativas. Sembramos un \u00e1rbol como s\u00edmbolo de esperanza y compromiso con el futuro. Intercambiamos consejos sobre agricultura y cuidado del medio ambiente, creamos nuevas alianzas y disfrutamos de alimentos saludables y frescos, directamente de la tierra a la mesa.<br><\/p>\n\n\n\n<figure class=\"wp-block-gallery has-nested-images columns-default is-cropped wp-block-gallery-1 is-layout-flex wp-block-gallery-is-layout-flex\">\n<figure class=\"wp-block-image size-large\"><a href=\"https:\/\/centrosloyolacuba.org\/loyolareina\/wp-content\/uploads\/2025\/06\/IMG_3368.webp\"><img fetchpriority=\"high\" decoding=\"async\" width=\"640\" height=\"853\" data-id=\"7183\" src=\"https:\/\/centrosloyolacuba.org\/loyolareina\/wp-content\/uploads\/2025\/06\/IMG_3368.webp\" alt=\"\" class=\"wp-image-7183\" srcset=\"https:\/\/centrosloyolacuba.org\/loyolareina\/wp-content\/uploads\/2025\/06\/IMG_3368.webp 640w, https:\/\/centrosloyolacuba.org\/loyolareina\/wp-content\/uploads\/2025\/06\/IMG_3368-225x300.webp 225w\" sizes=\"(max-width: 640px) 100vw, 640px\" \/><\/a><\/figure>\n\n\n\n<figure class=\"wp-block-image size-large\"><a href=\"https:\/\/centrosloyolacuba.org\/loyolareina\/wp-content\/uploads\/2025\/06\/IMG_3376.webp\"><img decoding=\"async\" width=\"640\" height=\"853\" data-id=\"7182\" src=\"https:\/\/centrosloyolacuba.org\/loyolareina\/wp-content\/uploads\/2025\/06\/IMG_3376.webp\" alt=\"\" class=\"wp-image-7182\" srcset=\"https:\/\/centrosloyolacuba.org\/loyolareina\/wp-content\/uploads\/2025\/06\/IMG_3376.webp 640w, https:\/\/centrosloyolacuba.org\/loyolareina\/wp-content\/uploads\/2025\/06\/IMG_3376-225x300.webp 225w\" sizes=\"(max-width: 640px) 100vw, 640px\" \/><\/a><\/figure>\n<\/figure>\n\n\n\n<h2 class=\"wp-block-heading\">Sabores, aprendizajes y experiencias<\/h2>\n\n\n\n<p>Durante el mercado, se realiz\u00f3 una expoventa de productos naturales, se cocin\u00f3 un delicioso coco al curry y se llevaron a cabo ejercicios pr\u00e1cticos para conocer la permeabilidad y acidez de la tierra. Cada actividad fue una oportunidad para aprender, compartir saberes y fortalecer la conexi\u00f3n con la naturaleza.<\/p>\n\n\n\n<figure class=\"wp-block-gallery has-nested-images columns-default is-cropped wp-block-gallery-2 is-layout-flex wp-block-gallery-is-layout-flex\">\n<figure class=\"wp-block-image size-large\"><a href=\"https:\/\/centrosloyolacuba.org\/loyolareina\/wp-content\/uploads\/2025\/06\/IMG_3382.webp\"><img decoding=\"async\" width=\"640\" height=\"853\" data-id=\"7180\" src=\"https:\/\/centrosloyolacuba.org\/loyolareina\/wp-content\/uploads\/2025\/06\/IMG_3382.webp\" alt=\"\" class=\"wp-image-7180\" srcset=\"https:\/\/centrosloyolacuba.org\/loyolareina\/wp-content\/uploads\/2025\/06\/IMG_3382.webp 640w, https:\/\/centrosloyolacuba.org\/loyolareina\/wp-content\/uploads\/2025\/06\/IMG_3382-225x300.webp 225w\" sizes=\"(max-width: 640px) 100vw, 640px\" \/><\/a><\/figure>\n\n\n\n<figure class=\"wp-block-image size-large\"><a href=\"https:\/\/centrosloyolacuba.org\/loyolareina\/wp-content\/uploads\/2025\/06\/IMG_3379.webp\"><img loading=\"lazy\" decoding=\"async\" width=\"640\" height=\"853\" data-id=\"7179\" src=\"https:\/\/centrosloyolacuba.org\/loyolareina\/wp-content\/uploads\/2025\/06\/IMG_3379.webp\" alt=\"\" class=\"wp-image-7179\" srcset=\"https:\/\/centrosloyolacuba.org\/loyolareina\/wp-content\/uploads\/2025\/06\/IMG_3379.webp 640w, https:\/\/centrosloyolacuba.org\/loyolareina\/wp-content\/uploads\/2025\/06\/IMG_3379-225x300.webp 225w\" sizes=\"(max-width: 640px) 100vw, 640px\" \/><\/a><\/figure>\n<\/figure>\n\n\n\n<h2 class=\"wp-block-heading\">Un espacio para la comunidad y la reflexi\u00f3n<\/h2>\n\n\n\n<p>M\u00e1s all\u00e1 de las actividades, lo m\u00e1s valioso fue el ambiente de alegr\u00eda y colaboraci\u00f3n. Familias, amigos y amantes de la tierra compartieron un rato agradable, reflexionando juntos sobre el cuidado del planeta y el poder de la acci\u00f3n colectiva. El Mercado Siembra y Comparte se consolida como un punto de encuentro para quienes sue\u00f1an con paisajes m\u00e1s verdes y un mundo m\u00e1s sostenible.<\/p>\n\n\n\n<h2 class=\"wp-block-heading\">\u00a1Te invitamos a sembrar y compartir!<\/h2>\n\n\n\n<p>Hoy nos reunimos los amantes de la tierra, y lo seguiremos haciendo. Quedas formalmente invitado a sumarte a las pr\u00f3ximas ediciones. Por la reflexi\u00f3n conjunta que tanto necesita nuestro planeta, por el impulso de cada so\u00f1ador de verdes paisajes, por la satisfacci\u00f3n de ver crecer una planta o simplemente para sembrar y compartir<\/p>\n<p>Visitas: 6<\/p>","protected":false},"excerpt":{"rendered":"<p>El mes de junio nos recuerda la importancia de cuidar nuestro entorno con dos fechas clave: el D\u00eda Mundial del Medio Ambiente  y el D\u00eda Mundial de los Oc\u00e9anos <\/p>\n","protected":false},"author":3,"featured_media":7175,"comment_status":"open","ping_status":"open","sticky":false,"template":"","format":"standard","meta":{"site-sidebar-layout":"default","site-content-layout":"","ast-site-content-layout":"default","site-content-style":"default","site-sidebar-style":"default","ast-global-header-display":"","ast-banner-title-visibility":"","ast-main-header-display":"","ast-hfb-above-header-display":"","ast-hfb-below-header-display":"","ast-hfb-mobile-header-display":"","site-post-title":"","ast-breadcrumbs-content":"","ast-featured-img":"disabled","footer-sml-layout":"","theme-transparent-header-meta":"","adv-header-id-meta":"","stick-header-meta":"","header-above-stick-meta":"","header-main-stick-meta":"","header-below-stick-meta":"","astra-migrate-meta-layouts":"set","ast-page-background-enabled":"default","ast-page-background-meta":{"desktop":{"background-color":"","background-image":"","background-repeat":"repeat","background-position":"center center","background-size":"auto","background-attachment":"scroll","background-type":"","background-media":"","overlay-type":"","overlay-color":"","overlay-opacity":"","overlay-gradient":""},"tablet":{"background-color":"","background-image":"","background-repeat":"repeat","background-position":"center center","background-size":"auto","background-attachment":"scroll","background-type":"","background-media":"","overlay-type":"","overlay-color":"","overlay-opacity":"","overlay-gradient":""},"mobile":{"background-color":"","background-image":"","background-repeat":"repeat","background-position":"center center","background-size":"auto","background-attachment":"scroll","background-type":"","background-media":"","overlay-type":"","overlay-color":"","overlay-opacity":"","overlay-gradient":""}},"ast-content-background-meta":{"desktop":{"background-color":"var(--ast-global-color-5)","background-image":"","background-repeat":"repeat","background-position":"center center","background-size":"auto","background-attachment":"scroll","background-type":"","background-media":"","overlay-type":"","overlay-color":"","overlay-opacity":"","overlay-gradient":""},"tablet":{"background-color":"var(--ast-global-color-5)","background-image":"","background-repeat":"repeat","background-position":"center center","background-size":"auto","background-attachment":"scroll","background-type":"","background-media":"","overlay-type":"","overlay-color":"","overlay-opacity":"","overlay-gradient":""},"mobile":{"background-color":"var(--ast-global-color-5)","background-image":"","background-repeat":"repeat","background-position":"center center","background-size":"auto","background-attachment":"scroll","background-type":"","background-media":"","overlay-type":"","overlay-color":"","overlay-opacity":"","overlay-gradient":""}},"episode_type":"","audio_file":"","podmotor_file_id":"","podmotor_episode_id":"","cover_image":"","cover_image_id":"","duration":"","filesize":"","filesize_raw":"","date_recorded":"","explicit":"","block":"","itunes_episode_number":"","itunes_title":"","itunes_season_number":"","itunes_episode_type":"","footnotes":""},"categories":[8],"tags":[55,52],"ppma_author":[21],"class_list":["post-7172","post","type-post","status-publish","format-standard","has-post-thumbnail","hentry","category-noticias","tag-cuidado-del-planeta","tag-loyola-reina"],"authors":[{"term_id":21,"user_id":3,"is_guest":0,"slug":"editcomunicador","display_name":"Equipo de Comunicaci\u00f3n","avatar_url":"http:\/\/centrosloyolacuba.org\/loyolareina\/wp-content\/uploads\/2024\/04\/Avatars-Comunicaciones-96x96.webp","0":null,"1":"","2":"","3":"","4":"","5":"","6":"","7":"","8":""}],"rttpg_featured_image_url":{"full":["https:\/\/centrosloyolacuba.org\/loyolareina\/wp-content\/uploads\/2025\/06\/IMG_3375.webp",640,480,false],"landscape":["https:\/\/centrosloyolacuba.org\/loyolareina\/wp-content\/uploads\/2025\/06\/IMG_3375.webp",640,480,false],"portraits":["https:\/\/centrosloyolacuba.org\/loyolareina\/wp-content\/uploads\/2025\/06\/IMG_3375.webp",640,480,false],"thumbnail":["https:\/\/centrosloyolacuba.org\/loyolareina\/wp-content\/uploads\/2025\/06\/IMG_3375-150x150.webp",150,150,true],"medium":["https:\/\/centrosloyolacuba.org\/loyolareina\/wp-content\/uploads\/2025\/06\/IMG_3375-300x225.webp",300,225,true],"large":["https:\/\/centrosloyolacuba.org\/loyolareina\/wp-content\/uploads\/2025\/06\/IMG_3375.webp",640,480,false],"1536x1536":["https:\/\/centrosloyolacuba.org\/loyolareina\/wp-content\/uploads\/2025\/06\/IMG_3375.webp",640,480,false],"2048x2048":["https:\/\/centrosloyolacuba.org\/loyolareina\/wp-content\/uploads\/2025\/06\/IMG_3375.webp",640,480,false],"bm-post-thumb":["https:\/\/centrosloyolacuba.org\/loyolareina\/wp-content\/uploads\/2025\/06\/IMG_3375-250x250.webp",250,250,true],"bm-post-medium":["https:\/\/centrosloyolacuba.org\/loyolareina\/wp-content\/uploads\/2025\/06\/IMG_3375-480x250.webp",480,250,true]},"rttpg_author":{"display_name":"Equipo de Comunicaci\u00f3n","author_link":"https:\/\/centrosloyolacuba.org\/loyolareina\/author\/editcomunicador\/"},"rttpg_comment":0,"rttpg_category":"<a href=\"https:\/\/centrosloyolacuba.org\/loyolareina\/category\/noticias\/\" rel=\"category tag\">Noticias<\/a>","rttpg_excerpt":"El mes de junio nos recuerda la importancia de cuidar nuestro entorno con dos fechas clave: el D\u00eda Mundial del Medio Ambiente y el D\u00eda Mundial de los Oc\u00e9anos","_links":{"self":[{"href":"https:\/\/centrosloyolacuba.org\/loyolareina\/wp-json\/wp\/v2\/posts\/7172","targetHints":{"allow":["GET"]}}],"collection":[{"href":"https:\/\/centrosloyolacuba.org\/loyolareina\/wp-json\/wp\/v2\/posts"}],"about":[{"href":"https:\/\/centrosloyolacuba.org\/loyolareina\/wp-json\/wp\/v2\/types\/post"}],"author":[{"embeddable":true,"href":"https:\/\/centrosloyolacuba.org\/loyolareina\/wp-json\/wp\/v2\/users\/3"}],"replies":[{"embeddable":true,"href":"https:\/\/centrosloyolacuba.org\/loyolareina\/wp-json\/wp\/v2\/comments?post=7172"}],"version-history":[{"count":6,"href":"https:\/\/centrosloyolacuba.org\/loyolareina\/wp-json\/wp\/v2\/posts\/7172\/revisions"}],"predecessor-version":[{"id":7186,"href":"https:\/\/centrosloyolacuba.org\/loyolareina\/wp-json\/wp\/v2\/posts\/7172\/revisions\/7186"}],"wp:featuredmedia":[{"embeddable":true,"href":"https:\/\/centrosloyolacuba.org\/loyolareina\/wp-json\/wp\/v2\/media\/7175"}],"wp:attachment":[{"href":"https:\/\/centrosloyolacuba.org\/loyolareina\/wp-json\/wp\/v2\/media?parent=7172"}],"wp:term":[{"taxonomy":"category","embeddable":true,"href":"https:\/\/centrosloyolacuba.org\/loyolareina\/wp-json\/wp\/v2\/categories?post=7172"},{"taxonomy":"post_tag","embeddable":true,"href":"https:\/\/centrosloyolacuba.org\/loyolareina\/wp-json\/wp\/v2\/tags?post=7172"},{"taxonomy":"author","embeddable":true,"href":"https:\/\/centrosloyolacuba.org\/loyolareina\/wp-json\/wp\/v2\/ppma_author?post=7172"}],"curies":[{"name":"wp","href":"https:\/\/api.w.org\/{rel}","templated":true}]}}