{"id":7142,"date":"2025-06-09T21:54:53","date_gmt":"2025-06-10T02:54:53","guid":{"rendered":"https:\/\/centrosloyolacuba.org\/loyolareina\/?p=7142"},"modified":"2025-06-10T00:15:34","modified_gmt":"2025-06-10T05:15:34","slug":"selfie-al-natural-dia-infancia-medio-ambiente-loyola-reina","status":"publish","type":"post","link":"https:\/\/centrosloyolacuba.org\/loyolareina\/selfie-al-natural-dia-infancia-medio-ambiente-loyola-reina\/","title":{"rendered":"Loyola Reina celebra el D\u00eda de la Infancia y el Medio Ambiente con \u201cSelfie al Natural\u201d"},"content":{"rendered":"\n<p>Desde el <strong><a href=\"https:\/\/centrosloyolacuba.org\/loyolareina\/\" target=\"_blank\" rel=\"noreferrer noopener\">Centro Loyola Reina<\/a><\/strong> celebramos una jornada muy especial y llena de diversi\u00f3n: una experiencia conjunta por el <strong><a href=\"https:\/\/www.unicef.org\/es\/dia-mundial-de-la-infancia\" target=\"_blank\" rel=\"noreferrer noopener\">D\u00eda de las Infancias<\/a><a href=\"https:\/\/www.unicef.org\/es\/dia-mundial-de-la-infancia\" target=\"_blank\" rel=\"noopener\"> <\/a><\/strong>y el <strong><a href=\"https:\/\/www.un.org\/es\/observances\/environment-day\" target=\"_blank\" rel=\"noreferrer noopener\">D\u00eda del Medio Ambiente<\/a><\/strong>. Fue una jornada en la que ni\u00f1os, ni\u00f1as y sus familias del Programa Educativo, en especial del proyecto Casa Com\u00fan, se unieron para festejar y reflexionar sobre la importancia de cuidar nuestro planeta.<\/p>\n\n\n\n<figure class=\"wp-block-image aligncenter size-full\"><a href=\"https:\/\/centrosloyolacuba.org\/loyolareina\/wp-content\/uploads\/2025\/06\/Bienvenida.webp\"><img fetchpriority=\"high\" decoding=\"async\" width=\"750\" height=\"563\" src=\"https:\/\/centrosloyolacuba.org\/loyolareina\/wp-content\/uploads\/2025\/06\/Bienvenida.webp\" alt=\"\" class=\"wp-image-7149\" srcset=\"https:\/\/centrosloyolacuba.org\/loyolareina\/wp-content\/uploads\/2025\/06\/Bienvenida.webp 750w, https:\/\/centrosloyolacuba.org\/loyolareina\/wp-content\/uploads\/2025\/06\/Bienvenida-300x225.webp 300w\" sizes=\"(max-width: 750px) 100vw, 750px\" \/><\/a><\/figure>\n\n\n\n<h2 class=\"wp-block-heading\">\u00a1Una Bienvenida Divertida!<\/h2>\n\n\n\n<p>Y como toda fecha especial estuvo acompa\u00f1ada de una bienvenida diferente.<br>El inicio del d\u00eda estuvo marcado por juegos divertidos y canciones pegajosas que hicieron que todos se sintieran parte de una fiesta, de la cual los m\u00e1s adultos tambi\u00e9n formaron parte. Escuchamos risas por doquier mientras los m\u00e1s peque\u00f1os corr\u00edan, jugaban y creaban lazos y recuerdos.<\/p>\n\n\n\n<h2 class=\"wp-block-heading\">Creando un \u201cRecetario Verde\u201d<\/h2>\n\n\n\n<p>Uno de los momentos m\u00e1s inspiradores fue cuando todos los asistentes tuvieron la oportunidad de dejar sus ideas para contribuir a un recetario sobre c\u00f3mo cuidar el medio ambiente.<br>L\u00e1piz en mano cada ni\u00f1o y ni\u00f1a comparti\u00f3 su ingenio, comentando los ingredientes y pasos que consideraban importantes para preservar nuestra naturaleza.<\/p>\n\n\n\n<figure class=\"wp-block-gallery has-nested-images columns-default is-cropped wp-block-gallery-1 is-layout-flex wp-block-gallery-is-layout-flex\">\n<figure class=\"wp-block-image aligncenter size-large\"><a href=\"https:\/\/centrosloyolacuba.org\/loyolareina\/wp-content\/uploads\/2025\/06\/Recetario-01-1.webp\"><img decoding=\"async\" width=\"750\" height=\"1000\" data-id=\"7152\" src=\"https:\/\/centrosloyolacuba.org\/loyolareina\/wp-content\/uploads\/2025\/06\/Recetario-01-1.webp\" alt=\"\" class=\"wp-image-7152\" srcset=\"https:\/\/centrosloyolacuba.org\/loyolareina\/wp-content\/uploads\/2025\/06\/Recetario-01-1.webp 750w, https:\/\/centrosloyolacuba.org\/loyolareina\/wp-content\/uploads\/2025\/06\/Recetario-01-1-225x300.webp 225w\" sizes=\"(max-width: 750px) 100vw, 750px\" \/><\/a><\/figure>\n\n\n\n<figure class=\"wp-block-image size-large\"><a href=\"https:\/\/centrosloyolacuba.org\/loyolareina\/wp-content\/uploads\/2025\/06\/Recetario-01-2.webp\"><img decoding=\"async\" width=\"750\" height=\"1000\" data-id=\"7153\" src=\"https:\/\/centrosloyolacuba.org\/loyolareina\/wp-content\/uploads\/2025\/06\/Recetario-01-2.webp\" alt=\"\" class=\"wp-image-7153\" srcset=\"https:\/\/centrosloyolacuba.org\/loyolareina\/wp-content\/uploads\/2025\/06\/Recetario-01-2.webp 750w, https:\/\/centrosloyolacuba.org\/loyolareina\/wp-content\/uploads\/2025\/06\/Recetario-01-2-225x300.webp 225w\" sizes=\"(max-width: 750px) 100vw, 750px\" \/><\/a><\/figure>\n<\/figure>\n\n\n\n<p><br>Desde consejos sobre reciclaje hasta poemas, cada aportaci\u00f3n fue un granito de arena en aquel \u201crecetario verde\u201d, que estuvo lleno de dibujos, textos y representaciones abstractas de los m\u00e1s peque\u00f1os.<br>Este ejercicio no solo foment\u00f3 la creatividad, sino tambi\u00e9n la conciencia sobre la importancia de acciones cotidianas en la conservaci\u00f3n de nuestra casa com\u00fan, la Tierra.<\/p>\n\n\n\n<h2 class=\"wp-block-heading\">Mi Selfie al Natural: exposici\u00f3n colectiva<\/h2>\n\n\n\n<p>Uno de los momentos m\u00e1s importantes de la jornada fue la exposici\u00f3n colectiva \u00abMi Selfie al Natural\u00bb. Previamente, por medio de una convocatoria, las familias enviaron im\u00e1genes tomadas bajo la tem\u00e1tica del medio ambiente y su cuidado. Una vez en el teatro del Centro Loyola Reina los participantes disfrutaron de las instant\u00e1neas.<\/p>\n\n\n\n<figure class=\"wp-block-gallery has-nested-images columns-default is-cropped wp-block-gallery-2 is-layout-flex wp-block-gallery-is-layout-flex\">\n<figure class=\"wp-block-image size-large\"><a href=\"https:\/\/centrosloyolacuba.org\/loyolareina\/wp-content\/uploads\/2025\/06\/exposicion-colectiva-01.webp\"><img loading=\"lazy\" decoding=\"async\" width=\"360\" height=\"640\" data-id=\"7158\" src=\"https:\/\/centrosloyolacuba.org\/loyolareina\/wp-content\/uploads\/2025\/06\/exposicion-colectiva-01.webp\" alt=\"\" class=\"wp-image-7158\" srcset=\"https:\/\/centrosloyolacuba.org\/loyolareina\/wp-content\/uploads\/2025\/06\/exposicion-colectiva-01.webp 360w, https:\/\/centrosloyolacuba.org\/loyolareina\/wp-content\/uploads\/2025\/06\/exposicion-colectiva-01-169x300.webp 169w\" sizes=\"(max-width: 360px) 100vw, 360px\" \/><\/a><\/figure>\n\n\n\n<figure class=\"wp-block-image size-large\"><a href=\"https:\/\/centrosloyolacuba.org\/loyolareina\/wp-content\/uploads\/2025\/06\/exposicion-colectiva.webp\"><img loading=\"lazy\" decoding=\"async\" width=\"303\" height=\"640\" data-id=\"7159\" src=\"https:\/\/centrosloyolacuba.org\/loyolareina\/wp-content\/uploads\/2025\/06\/exposicion-colectiva.webp\" alt=\"\" class=\"wp-image-7159\" srcset=\"https:\/\/centrosloyolacuba.org\/loyolareina\/wp-content\/uploads\/2025\/06\/exposicion-colectiva.webp 303w, https:\/\/centrosloyolacuba.org\/loyolareina\/wp-content\/uploads\/2025\/06\/exposicion-colectiva-142x300.webp 142w\" sizes=\"(max-width: 303px) 100vw, 303px\" \/><\/a><\/figure>\n<\/figure>\n\n\n\n<p><br>Reconocieron en el mural expositivo muchos rostros conocidos que reflejaban el amor que sienten por la naturaleza. Los selfies mostraban desde paisajes hermosos hasta momentos de convivencia con plantas y animales. Recordaron as\u00ed que cada peque\u00f1o gesto cuenta y que juntos se puede hacer la diferencia desde casa y en familia.<br><br>Una vez m\u00e1s, las familias demostraron ser el pilar fundamental de cada espacio compartido. Fueron ellas quienes facilitaron los dispositivos para tomar los selfies, acompa\u00f1aron a los ni\u00f1os en la b\u00fasqueda de escenarios naturales y participaron activamente en la jornada. Aunque la actividad estuvo dedicada a los m\u00e1s peque\u00f1os, fue disfrutada y vivida en familia, reforzando los lazos comunitarios y el compromiso conjunto con el cuidado del medio ambiente.<\/p>\n\n\n\n<h2 class=\"wp-block-heading\">Lleg\u00f3 el momento cultural<\/h2>\n\n\n\n<p><br>La celebraci\u00f3n continu\u00f3 con un momento cultural que dej\u00f3 a todos maravillados.El coro infantil de la <strong><a href=\"http:\/\/centrosloyolacuba.org\/loyolareina\/cfal\/\" target=\"_blank\" rel=\"noreferrer noopener\">Cefal<\/a><\/strong> (C\u00e1tedra para el Emprendimiento y la Formaci\u00f3n Art\u00edstica Loyola) nos deleit\u00f3 con su talento y melod\u00edas que emocionaron a grandes y chicos. Interpretaron cl\u00e1sicos infantiles como \u00abSe\u00f1or Arcoiris\u00bb y \u00abDon Gato\u00bb.<\/p>\n\n\n\n<figure class=\"wp-block-gallery has-nested-images columns-default is-cropped wp-block-gallery-3 is-layout-flex wp-block-gallery-is-layout-flex\">\n<figure class=\"wp-block-image size-large\"><a href=\"https:\/\/centrosloyolacuba.org\/loyolareina\/wp-content\/uploads\/2025\/06\/Reality-Suenos-01.webp\"><img loading=\"lazy\" decoding=\"async\" width=\"640\" height=\"480\" data-id=\"7164\" src=\"https:\/\/centrosloyolacuba.org\/loyolareina\/wp-content\/uploads\/2025\/06\/Reality-Suenos-01.webp\" alt=\"\" class=\"wp-image-7164\" srcset=\"https:\/\/centrosloyolacuba.org\/loyolareina\/wp-content\/uploads\/2025\/06\/Reality-Suenos-01.webp 640w, https:\/\/centrosloyolacuba.org\/loyolareina\/wp-content\/uploads\/2025\/06\/Reality-Suenos-01-300x225.webp 300w\" sizes=\"(max-width: 640px) 100vw, 640px\" \/><\/a><\/figure>\n\n\n\n<figure class=\"wp-block-image size-large\"><a href=\"https:\/\/centrosloyolacuba.org\/loyolareina\/wp-content\/uploads\/2025\/06\/Reality-Suenos-02.webp\"><img loading=\"lazy\" decoding=\"async\" width=\"640\" height=\"853\" data-id=\"7165\" src=\"https:\/\/centrosloyolacuba.org\/loyolareina\/wp-content\/uploads\/2025\/06\/Reality-Suenos-02.webp\" alt=\"\" class=\"wp-image-7165\" srcset=\"https:\/\/centrosloyolacuba.org\/loyolareina\/wp-content\/uploads\/2025\/06\/Reality-Suenos-02.webp 640w, https:\/\/centrosloyolacuba.org\/loyolareina\/wp-content\/uploads\/2025\/06\/Reality-Suenos-02-225x300.webp 225w\" sizes=\"(max-width: 640px) 100vw, 640px\" \/><\/a><\/figure>\n\n\n\n<figure class=\"wp-block-image size-large\"><a href=\"https:\/\/centrosloyolacuba.org\/loyolareina\/wp-content\/uploads\/2025\/06\/Reality-Suenos-03-Centro-Loyola-Reina.webp\"><img loading=\"lazy\" decoding=\"async\" width=\"640\" height=\"480\" data-id=\"7166\" src=\"https:\/\/centrosloyolacuba.org\/loyolareina\/wp-content\/uploads\/2025\/06\/Reality-Suenos-03-Centro-Loyola-Reina.webp\" alt=\"\" class=\"wp-image-7166\" srcset=\"https:\/\/centrosloyolacuba.org\/loyolareina\/wp-content\/uploads\/2025\/06\/Reality-Suenos-03-Centro-Loyola-Reina.webp 640w, https:\/\/centrosloyolacuba.org\/loyolareina\/wp-content\/uploads\/2025\/06\/Reality-Suenos-03-Centro-Loyola-Reina-300x225.webp 300w\" sizes=\"(max-width: 640px) 100vw, 640px\" \/><\/a><\/figure>\n<\/figure>\n\n\n\n<p><br>Adem\u00e1s, el grupo de teatro infantil \u00ab<strong><a href=\"https:\/\/centrosloyolacuba.org\/loyolareina\/arte-infantil-y-emprendimiento-centro-loyola-reina\/\" target=\"_blank\" rel=\"noreferrer noopener\">Reality Sue\u00f1os<\/a><\/strong>\u00bb contagi\u00f3 de risa y diversi\u00f3n con su presentaci\u00f3n a los invitados. Junto al profe Tom\u00e1s, vivenciaron un m\u00e1gico viaje a la infancia de todos los presentes. Sus canciones y an\u00e9cdotas hicieron que cada adulto reviviera su ni\u00f1ez, record\u00e1ndonos lo importante que es mantener viva la chispa de la alegr\u00eda y la curiosidad.<br><br>Sin duda, fue un d\u00eda de satisfacci\u00f3n y alegr\u00eda, donde cada actividad estaba impregnada de amor y creatividad. La celebraci\u00f3n de estas dos importantes fechas ratific\u00f3 el compromiso de los proyectos del Programa Educativo en seguir fortaleciendo el aprendizaje sobre el medio ambiente y el cuidado de las infancias.<br>La experiencia de \u201cSelfie al Natural\u201d dej\u00f3 huellas de alegr\u00eda, conciencia ecol\u00f3gica y uni\u00f3n familiar en el <strong><a href=\"https:\/\/centrosloyolacuba.org\/loyolareina\/\" target=\"_blank\" rel=\"noreferrer noopener\">Centro Loyola Reina<\/a><\/strong>.<\/p>\n\n\n\n<p><\/p>\n<p>Visitas: 24<\/p>","protected":false},"excerpt":{"rendered":"<p>Desde el Centro Loyola Reina celebramos una jornada muy especial y llena de diversi\u00f3n: una experiencia conjunta por el D\u00eda de las Infancias y el D\u00eda del Medio Ambiente&#8230;<\/p>\n","protected":false},"author":3,"featured_media":7144,"comment_status":"open","ping_status":"open","sticky":false,"template":"","format":"standard","meta":{"site-sidebar-layout":"default","site-content-layout":"","ast-site-content-layout":"default","site-content-style":"default","site-sidebar-style":"default","ast-global-header-display":"","ast-banner-title-visibility":"","ast-main-header-display":"","ast-hfb-above-header-display":"","ast-hfb-below-header-display":"","ast-hfb-mobile-header-display":"","site-post-title":"","ast-breadcrumbs-content":"","ast-featured-img":"disabled","footer-sml-layout":"","theme-transparent-header-meta":"","adv-header-id-meta":"","stick-header-meta":"","header-above-stick-meta":"","header-main-stick-meta":"","header-below-stick-meta":"","astra-migrate-meta-layouts":"set","ast-page-background-enabled":"default","ast-page-background-meta":{"desktop":{"background-color":"","background-image":"","background-repeat":"repeat","background-position":"center center","background-size":"auto","background-attachment":"scroll","background-type":"","background-media":"","overlay-type":"","overlay-color":"","overlay-opacity":"","overlay-gradient":""},"tablet":{"background-color":"","background-image":"","background-repeat":"repeat","background-position":"center center","background-size":"auto","background-attachment":"scroll","background-type":"","background-media":"","overlay-type":"","overlay-color":"","overlay-opacity":"","overlay-gradient":""},"mobile":{"background-color":"","background-image":"","background-repeat":"repeat","background-position":"center center","background-size":"auto","background-attachment":"scroll","background-type":"","background-media":"","overlay-type":"","overlay-color":"","overlay-opacity":"","overlay-gradient":""}},"ast-content-background-meta":{"desktop":{"background-color":"var(--ast-global-color-5)","background-image":"","background-repeat":"repeat","background-position":"center center","background-size":"auto","background-attachment":"scroll","background-type":"","background-media":"","overlay-type":"","overlay-color":"","overlay-opacity":"","overlay-gradient":""},"tablet":{"background-color":"var(--ast-global-color-5)","background-image":"","background-repeat":"repeat","background-position":"center center","background-size":"auto","background-attachment":"scroll","background-type":"","background-media":"","overlay-type":"","overlay-color":"","overlay-opacity":"","overlay-gradient":""},"mobile":{"background-color":"var(--ast-global-color-5)","background-image":"","background-repeat":"repeat","background-position":"center center","background-size":"auto","background-attachment":"scroll","background-type":"","background-media":"","overlay-type":"","overlay-color":"","overlay-opacity":"","overlay-gradient":""}},"episode_type":"","audio_file":"","podmotor_file_id":"","podmotor_episode_id":"","cover_image":"","cover_image_id":"","duration":"","filesize":"","filesize_raw":"","date_recorded":"","explicit":"","block":"","itunes_episode_number":"","itunes_title":"","itunes_season_number":"","itunes_episode_type":"","footnotes":""},"categories":[8],"tags":[45,27],"ppma_author":[21],"class_list":["post-7142","post","type-post","status-publish","format-standard","has-post-thumbnail","hentry","category-noticias","tag-cefal","tag-centro-loyola-reina"],"authors":[{"term_id":21,"user_id":3,"is_guest":0,"slug":"editcomunicador","display_name":"Equipo de Comunicaci\u00f3n","avatar_url":"http:\/\/centrosloyolacuba.org\/loyolareina\/wp-content\/uploads\/2024\/04\/Avatars-Comunicaciones-96x96.webp","0":null,"1":"","2":"","3":"","4":"","5":"","6":"","7":"","8":""}],"rttpg_featured_image_url":{"full":["https:\/\/centrosloyolacuba.org\/loyolareina\/wp-content\/uploads\/2025\/06\/Sefi-al-Natural.webp",640,360,false],"landscape":["https:\/\/centrosloyolacuba.org\/loyolareina\/wp-content\/uploads\/2025\/06\/Sefi-al-Natural.webp",640,360,false],"portraits":["https:\/\/centrosloyolacuba.org\/loyolareina\/wp-content\/uploads\/2025\/06\/Sefi-al-Natural.webp",640,360,false],"thumbnail":["https:\/\/centrosloyolacuba.org\/loyolareina\/wp-content\/uploads\/2025\/06\/Sefi-al-Natural-150x150.webp",150,150,true],"medium":["https:\/\/centrosloyolacuba.org\/loyolareina\/wp-content\/uploads\/2025\/06\/Sefi-al-Natural-300x169.webp",300,169,true],"large":["https:\/\/centrosloyolacuba.org\/loyolareina\/wp-content\/uploads\/2025\/06\/Sefi-al-Natural.webp",640,360,false],"1536x1536":["https:\/\/centrosloyolacuba.org\/loyolareina\/wp-content\/uploads\/2025\/06\/Sefi-al-Natural.webp",640,360,false],"2048x2048":["https:\/\/centrosloyolacuba.org\/loyolareina\/wp-content\/uploads\/2025\/06\/Sefi-al-Natural.webp",640,360,false],"bm-post-thumb":["https:\/\/centrosloyolacuba.org\/loyolareina\/wp-content\/uploads\/2025\/06\/Sefi-al-Natural-250x250.webp",250,250,true],"bm-post-medium":["https:\/\/centrosloyolacuba.org\/loyolareina\/wp-content\/uploads\/2025\/06\/Sefi-al-Natural-480x250.webp",480,250,true]},"rttpg_author":{"display_name":"Equipo de Comunicaci\u00f3n","author_link":"https:\/\/centrosloyolacuba.org\/loyolareina\/author\/editcomunicador\/"},"rttpg_comment":0,"rttpg_category":"<a href=\"https:\/\/centrosloyolacuba.org\/loyolareina\/category\/noticias\/\" rel=\"category tag\">Noticias<\/a>","rttpg_excerpt":"Desde el Centro Loyola Reina celebramos una jornada muy especial y llena de diversi\u00f3n: una experiencia conjunta por el D\u00eda de las Infancias y el D\u00eda del Medio Ambiente...","_links":{"self":[{"href":"https:\/\/centrosloyolacuba.org\/loyolareina\/wp-json\/wp\/v2\/posts\/7142","targetHints":{"allow":["GET"]}}],"collection":[{"href":"https:\/\/centrosloyolacuba.org\/loyolareina\/wp-json\/wp\/v2\/posts"}],"about":[{"href":"https:\/\/centrosloyolacuba.org\/loyolareina\/wp-json\/wp\/v2\/types\/post"}],"author":[{"embeddable":true,"href":"https:\/\/centrosloyolacuba.org\/loyolareina\/wp-json\/wp\/v2\/users\/3"}],"replies":[{"embeddable":true,"href":"https:\/\/centrosloyolacuba.org\/loyolareina\/wp-json\/wp\/v2\/comments?post=7142"}],"version-history":[{"count":12,"href":"https:\/\/centrosloyolacuba.org\/loyolareina\/wp-json\/wp\/v2\/posts\/7142\/revisions"}],"predecessor-version":[{"id":7171,"href":"https:\/\/centrosloyolacuba.org\/loyolareina\/wp-json\/wp\/v2\/posts\/7142\/revisions\/7171"}],"wp:featuredmedia":[{"embeddable":true,"href":"https:\/\/centrosloyolacuba.org\/loyolareina\/wp-json\/wp\/v2\/media\/7144"}],"wp:attachment":[{"href":"https:\/\/centrosloyolacuba.org\/loyolareina\/wp-json\/wp\/v2\/media?parent=7142"}],"wp:term":[{"taxonomy":"category","embeddable":true,"href":"https:\/\/centrosloyolacuba.org\/loyolareina\/wp-json\/wp\/v2\/categories?post=7142"},{"taxonomy":"post_tag","embeddable":true,"href":"https:\/\/centrosloyolacuba.org\/loyolareina\/wp-json\/wp\/v2\/tags?post=7142"},{"taxonomy":"author","embeddable":true,"href":"https:\/\/centrosloyolacuba.org\/loyolareina\/wp-json\/wp\/v2\/ppma_author?post=7142"}],"curies":[{"name":"wp","href":"https:\/\/api.w.org\/{rel}","templated":true}]}}