{"id":7120,"date":"2025-05-26T11:47:37","date_gmt":"2025-05-26T16:47:37","guid":{"rendered":"https:\/\/centrosloyolacuba.org\/loyolareina\/?p=7120"},"modified":"2025-05-26T12:56:41","modified_gmt":"2025-05-26T17:56:41","slug":"semana-laudato-si-casa-comun-centro-loyola-reina","status":"publish","type":"post","link":"https:\/\/centrosloyolacuba.org\/loyolareina\/semana-laudato-si-casa-comun-centro-loyola-reina\/","title":{"rendered":"Semana Laudato Si\u2019: C\u00f3mo el Centro Loyola Reina promueve el cuidado de nuestra casa com\u00fan"},"content":{"rendered":"\n<p>Del 24 al 31 de mayo, instituciones de todo el mundo celebran la Semana dedicada a la enc\u00edclica ecol\u00f3gica <strong>Laudato Si\u2019<\/strong>, una ocasi\u00f3n para visibilizar iniciativas locales y fortalecer la esperanza en un futuro m\u00e1s fraterno y responsable con la creaci\u00f3n. Esta celebraci\u00f3n recuerda los diez a\u00f1os de la publicaci\u00f3n de este importante documento del Papa Francisco que nos invita a cuidar nuestra \u201ccasa com\u00fan\u201d.<\/p>\n\n\n\n<figure class=\"wp-block-image aligncenter size-full\"><a href=\"http:\/\/centrosloyolacuba.org\/loyolareina\/wp-content\/uploads\/2025\/05\/Francisco-Laudato-Si.webp\"><img fetchpriority=\"high\" decoding=\"async\" width=\"740\" height=\"416\" src=\"http:\/\/centrosloyolacuba.org\/loyolareina\/wp-content\/uploads\/2025\/05\/Francisco-Laudato-Si.webp\" alt=\"Francisco-Laudato-S\" class=\"wp-image-7126\" srcset=\"https:\/\/centrosloyolacuba.org\/loyolareina\/wp-content\/uploads\/2025\/05\/Francisco-Laudato-Si.webp 740w, https:\/\/centrosloyolacuba.org\/loyolareina\/wp-content\/uploads\/2025\/05\/Francisco-Laudato-Si-300x169.webp 300w\" sizes=\"(max-width: 740px) 100vw, 740px\" \/><\/a><\/figure>\n\n\n\n<h2 class=\"wp-block-heading\"><strong>Centro Loyola Reina se hace eco del llamado de Laudato Si\u2019<\/strong><\/h2>\n\n\n\n<p>El Centro Loyola Reina se une a esta celebraci\u00f3n y se hace eco del mensaje de la enc\u00edclica a trav\u00e9s de casi todos sus proyectos pero en especial en La Red agroecol\u00f3gica \u00abSiembra y comparte\u00bb de Centro Loyola Reina donde aprender a cultivar tus propias plantas y hortalizas, incluso en los rincones m\u00e1s peque\u00f1os de tu hogar es posible y &nbsp;<strong>Casa Com\u00fan<\/strong>, que promueven la educaci\u00f3n ambiental y el compromiso con el cuidado del planeta. Estas iniciativas buscan inspirar a ni\u00f1os, j\u00f3venes y familias a vivir de manera m\u00e1s sostenible y solidaria, fortaleciendo el sentido de responsabilidad hacia nuestra casa com\u00fan.<\/p>\n\n\n\n<figure class=\"wp-block-gallery has-nested-images columns-default is-cropped wp-block-gallery-1 is-layout-flex wp-block-gallery-is-layout-flex\">\n<figure class=\"wp-block-image size-large\"><a href=\"https:\/\/centrosloyolacuba.org\/loyolareina\/wp-content\/uploads\/2025\/01\/Ninos-y-su-Mural.webp\"><img decoding=\"async\" width=\"768\" height=\"1024\" data-id=\"6081\" src=\"https:\/\/centrosloyolacuba.org\/loyolareina\/wp-content\/uploads\/2025\/01\/Ninos-y-su-Mural-768x1024.webp\" alt=\"\" class=\"wp-image-6081\" srcset=\"https:\/\/centrosloyolacuba.org\/loyolareina\/wp-content\/uploads\/2025\/01\/Ninos-y-su-Mural-768x1024.webp 768w, https:\/\/centrosloyolacuba.org\/loyolareina\/wp-content\/uploads\/2025\/01\/Ninos-y-su-Mural-225x300.webp 225w, https:\/\/centrosloyolacuba.org\/loyolareina\/wp-content\/uploads\/2025\/01\/Ninos-y-su-Mural.webp 780w\" sizes=\"(max-width: 768px) 100vw, 768px\" \/><\/a><\/figure>\n\n\n\n<figure class=\"wp-block-image size-large\"><a href=\"https:\/\/centrosloyolacuba.org\/loyolareina\/wp-content\/uploads\/2025\/01\/Parque-de-la-Felicidad-Casa-Comun.webp\"><img decoding=\"async\" width=\"720\" height=\"540\" data-id=\"6056\" src=\"https:\/\/centrosloyolacuba.org\/loyolareina\/wp-content\/uploads\/2025\/01\/Parque-de-la-Felicidad-Casa-Comun.webp\" alt=\"\" class=\"wp-image-6056\" srcset=\"https:\/\/centrosloyolacuba.org\/loyolareina\/wp-content\/uploads\/2025\/01\/Parque-de-la-Felicidad-Casa-Comun.webp 720w, https:\/\/centrosloyolacuba.org\/loyolareina\/wp-content\/uploads\/2025\/01\/Parque-de-la-Felicidad-Casa-Comun-300x225.webp 300w\" sizes=\"(max-width: 720px) 100vw, 720px\" \/><\/a><figcaption class=\"wp-element-caption\"><strong><a href=\"https:\/\/centrosloyolacuba.org\/loyolareina\/transformando-el-parque-de-la-felicidad\/\">\u00a1<\/a><a href=\"https:\/\/centrosloyolacuba.org\/loyolareina\/transformando-el-parque-de-la-felicidad\/\" target=\"_blank\" rel=\"noreferrer noopener\">Transformando el Parque de la Felicidad!<\/a><\/strong><\/figcaption><\/figure>\n\n\n\n<figure class=\"wp-block-image size-large\"><a href=\"https:\/\/centrosloyolacuba.org\/loyolareina\/wp-content\/uploads\/2025\/01\/Casa-Comun-en-el-Parque-de-la-Felicidad.webp\"><img loading=\"lazy\" decoding=\"async\" width=\"720\" height=\"540\" data-id=\"6079\" src=\"https:\/\/centrosloyolacuba.org\/loyolareina\/wp-content\/uploads\/2025\/01\/Casa-Comun-en-el-Parque-de-la-Felicidad.webp\" alt=\"\" class=\"wp-image-6079\" srcset=\"https:\/\/centrosloyolacuba.org\/loyolareina\/wp-content\/uploads\/2025\/01\/Casa-Comun-en-el-Parque-de-la-Felicidad.webp 720w, https:\/\/centrosloyolacuba.org\/loyolareina\/wp-content\/uploads\/2025\/01\/Casa-Comun-en-el-Parque-de-la-Felicidad-300x225.webp 300w\" sizes=\"(max-width: 720px) 100vw, 720px\" \/><\/a><\/figure>\n<\/figure>\n\n\n\n<h2 class=\"wp-block-heading\" id=\"vatican-news-y-las-historias-de-compromiso-global\">Vatican News y las historias de compromiso global<\/h2>\n\n\n\n<p><strong><a href=\"https:\/\/www.vaticannews.va\/es.html\" target=\"_blank\" rel=\"noreferrer noopener\">Vatican News<\/a><\/strong> ha documentado numerosas <strong><a href=\"https:\/\/www.vaticannews.va\/es\/tag\/la-historia.html\" target=\"_blank\" rel=\"noreferrer noopener\">historias<\/a><\/strong> que muestran el compromiso y la creatividad de personas y comunidades que, desde sus propios contextos, trabajan por un mundo m\u00e1s justo y sostenible. Estas experiencias reflejan c\u00f3mo el llamado de <strong><a href=\"https:\/\/www.vatican.va\/content\/francesco\/es\/encyclicals\/documents\/papa-francesco_20150524_enciclica-laudato-si.html\" target=\"_blank\" rel=\"noreferrer noopener\">Laudato Si\u2019<\/a><\/strong> ha inspirado acciones concretas en todo el mundo, evidenciando que cada esfuerzo suma para cuidar y preservar nuestra casa com\u00fan.<\/p>\n\n\n\n<h2 class=\"wp-block-heading\"><strong>\u00bfQu\u00e9 es una enc\u00edclica y de qu\u00e9 trata Laudato Si\u2019?<\/strong><\/h2>\n\n\n\n<p>Una <strong>enc\u00edclica<\/strong> es una carta oficial del Papa dirigida a toda la Iglesia y al mundo, para reflexionar sobre temas que afectan a la humanidad. En 2015, el Papa Francisco public\u00f3 <strong>Laudato Si\u2019<\/strong>, que significa \u201cAlabado seas\u201d, en referencia a la alabanza a la creaci\u00f3n. En ella, nos llama a proteger el planeta, a respetar la naturaleza y a promover un estilo de vida sostenible y solidario.<\/p>\n\n\n\n<h2 class=\"wp-block-heading\"><strong>Un llamado universal para cuidar la casa com\u00fan<\/strong><\/h2>\n\n\n\n<p>El mensaje de <strong>Laudato Si\u2019<\/strong> no es exclusivo para personas religiosas, sino para todas las personas del mundo. Nos alerta sobre los da\u00f1os causados al medio ambiente por la contaminaci\u00f3n, el consumo excesivo y la falta de respeto por la naturaleza. Invita a cambiar h\u00e1bitos y a trabajar juntos para un desarrollo que respete la vida y el planeta.<\/p>\n\n\n\n<h2 class=\"wp-block-heading\"><strong>Casa Com\u00fan: el compromiso del Centro Loyola Reina<\/strong><\/h2>\n\n\n\n<p>En el Centro Loyola Reina, el proyecto <strong>Casa Com\u00fan<\/strong> es una respuesta concreta a este llamado global. A trav\u00e9s de talleres, campa\u00f1as y actividades educativas, Casa Com\u00fan promueve la conciencia ecol\u00f3gica, el reciclaje y el cuidado del entorno. Ni\u00f1os, j\u00f3venes y familias participan activamente, aprendiendo a reducir, reutilizar y reciclar, fortaleciendo as\u00ed el compromiso con el cuidado del planeta desde nuestra comunidad.<\/p>\n\n\n\n<p>Adem\u00e1s, en el marco de <strong><a href=\"https:\/\/centrosloyolacuba.org\/loyolareina\/incuba-empresas\/\" target=\"_blank\" rel=\"noreferrer noopener\">Incuba Empresas<\/a><\/strong>, el Centro Loyola Reina impulsa la <strong>Red agroecol\u00f3gica \u00abSiembra y Comparte\u00bb<\/strong>, . En este espacio, los participantes descubren pr\u00e1cticas agroecol\u00f3gicas que fomentan la sostenibilidad y la soberan\u00eda alimentaria, contribuyendo as\u00ed a un estilo de vida m\u00e1s saludable y responsable con el medio ambiente.<\/p>\n\n\n\n<figure class=\"wp-block-gallery has-nested-images columns-default is-cropped wp-block-gallery-2 is-layout-flex wp-block-gallery-is-layout-flex\">\n<figure class=\"wp-block-image size-large\"><a href=\"https:\/\/centrosloyolacuba.org\/loyolareina\/wp-content\/uploads\/2025\/05\/Siembra-y-Comparte-1.webp\"><img loading=\"lazy\" decoding=\"async\" width=\"480\" height=\"638\" data-id=\"7132\" src=\"https:\/\/centrosloyolacuba.org\/loyolareina\/wp-content\/uploads\/2025\/05\/Siembra-y-Comparte-1.webp\" alt=\"\" class=\"wp-image-7132\" srcset=\"https:\/\/centrosloyolacuba.org\/loyolareina\/wp-content\/uploads\/2025\/05\/Siembra-y-Comparte-1.webp 480w, https:\/\/centrosloyolacuba.org\/loyolareina\/wp-content\/uploads\/2025\/05\/Siembra-y-Comparte-1-226x300.webp 226w\" sizes=\"(max-width: 480px) 100vw, 480px\" \/><\/a><\/figure>\n\n\n\n<figure class=\"wp-block-image size-large\"><a href=\"https:\/\/centrosloyolacuba.org\/loyolareina\/wp-content\/uploads\/2025\/05\/Siembra-y-Comparte-2.webp\"><img loading=\"lazy\" decoding=\"async\" width=\"640\" height=\"482\" data-id=\"7134\" src=\"https:\/\/centrosloyolacuba.org\/loyolareina\/wp-content\/uploads\/2025\/05\/Siembra-y-Comparte-2.webp\" alt=\"\" class=\"wp-image-7134\" srcset=\"https:\/\/centrosloyolacuba.org\/loyolareina\/wp-content\/uploads\/2025\/05\/Siembra-y-Comparte-2.webp 640w, https:\/\/centrosloyolacuba.org\/loyolareina\/wp-content\/uploads\/2025\/05\/Siembra-y-Comparte-2-300x226.webp 300w\" sizes=\"(max-width: 640px) 100vw, 640px\" \/><\/a><\/figure>\n\n\n\n<figure class=\"wp-block-image size-large\"><a href=\"https:\/\/centrosloyolacuba.org\/loyolareina\/wp-content\/uploads\/2025\/05\/Siembra-y-Comparte-3.webp\"><img loading=\"lazy\" decoding=\"async\" width=\"480\" height=\"638\" data-id=\"7133\" src=\"https:\/\/centrosloyolacuba.org\/loyolareina\/wp-content\/uploads\/2025\/05\/Siembra-y-Comparte-3.webp\" alt=\"\" class=\"wp-image-7133\" srcset=\"https:\/\/centrosloyolacuba.org\/loyolareina\/wp-content\/uploads\/2025\/05\/Siembra-y-Comparte-3.webp 480w, https:\/\/centrosloyolacuba.org\/loyolareina\/wp-content\/uploads\/2025\/05\/Siembra-y-Comparte-3-226x300.webp 226w\" sizes=\"(max-width: 480px) 100vw, 480px\" \/><\/a><\/figure>\n<\/figure>\n\n\n\n<p><strong>Diez a\u00f1os de esperanza y acci\u00f3n<\/strong> A diez a\u00f1os de la publicaci\u00f3n de <strong><a href=\"https:\/\/www.vatican.va\/content\/francesco\/es\/encyclicals\/documents\/papa-francesco_20150524_enciclica-laudato-si.html\" target=\"_blank\" rel=\"noreferrer noopener\">Laudato Si<\/a><a href=\"https:\/\/www.vatican.va\/content\/francesco\/es\/encyclicals\/documents\/papa-francesco_20150524_enciclica-laudato-si.html\" target=\"_blank\" rel=\"noopener\">\u2019, <\/a><\/strong>su mensaje sigue inspirando cambios y acciones en todo el mundo. En el Centro Loyola Reina, renovamos nuestro compromiso.<br>de cuidar la casa com\u00fan, convencidos de que cada peque\u00f1o gesto suma para construir un futuro m\u00e1s justo, solidario y sostenible.<\/p>\n\n\n\n<figure class=\"wp-block-image size-full\"><a href=\"https:\/\/centrosloyolacuba.org\/loyolareina\/wp-content\/uploads\/2025\/05\/LaudatoSi-Decimo-Aniversario.webp\"><img loading=\"lazy\" decoding=\"async\" width=\"720\" height=\"446\" src=\"https:\/\/centrosloyolacuba.org\/loyolareina\/wp-content\/uploads\/2025\/05\/LaudatoSi-Decimo-Aniversario.webp\" alt=\"\" class=\"wp-image-7137\" srcset=\"https:\/\/centrosloyolacuba.org\/loyolareina\/wp-content\/uploads\/2025\/05\/LaudatoSi-Decimo-Aniversario.webp 720w, https:\/\/centrosloyolacuba.org\/loyolareina\/wp-content\/uploads\/2025\/05\/LaudatoSi-Decimo-Aniversario-300x186.webp 300w\" sizes=\"(max-width: 720px) 100vw, 720px\" \/><\/a><\/figure>\n<p>Visitas: 17<\/p>","protected":false},"excerpt":{"rendered":"<p>Del 24 al 31 de mayo, instituciones de todo el mundo celebran la Semana dedicada a la enc\u00edclica ecol\u00f3gica Laudato Si\u2019, una ocasi\u00f3n para visibilizar iniciativas locales y fortalecer la esperanza en un futuro m\u00e1s fraterno y responsable&#8230;<\/p>\n","protected":false},"author":3,"featured_media":7124,"comment_status":"open","ping_status":"open","sticky":false,"template":"","format":"standard","meta":{"site-sidebar-layout":"default","site-content-layout":"","ast-site-content-layout":"default","site-content-style":"default","site-sidebar-style":"default","ast-global-header-display":"","ast-banner-title-visibility":"","ast-main-header-display":"","ast-hfb-above-header-display":"","ast-hfb-below-header-display":"","ast-hfb-mobile-header-display":"","site-post-title":"","ast-breadcrumbs-content":"","ast-featured-img":"disabled","footer-sml-layout":"","theme-transparent-header-meta":"","adv-header-id-meta":"","stick-header-meta":"","header-above-stick-meta":"","header-main-stick-meta":"","header-below-stick-meta":"","astra-migrate-meta-layouts":"set","ast-page-background-enabled":"default","ast-page-background-meta":{"desktop":{"background-color":"","background-image":"","background-repeat":"repeat","background-position":"center center","background-size":"auto","background-attachment":"scroll","background-type":"","background-media":"","overlay-type":"","overlay-color":"","overlay-opacity":"","overlay-gradient":""},"tablet":{"background-color":"","background-image":"","background-repeat":"repeat","background-position":"center center","background-size":"auto","background-attachment":"scroll","background-type":"","background-media":"","overlay-type":"","overlay-color":"","overlay-opacity":"","overlay-gradient":""},"mobile":{"background-color":"","background-image":"","background-repeat":"repeat","background-position":"center center","background-size":"auto","background-attachment":"scroll","background-type":"","background-media":"","overlay-type":"","overlay-color":"","overlay-opacity":"","overlay-gradient":""}},"ast-content-background-meta":{"desktop":{"background-color":"var(--ast-global-color-5)","background-image":"","background-repeat":"repeat","background-position":"center center","background-size":"auto","background-attachment":"scroll","background-type":"","background-media":"","overlay-type":"","overlay-color":"","overlay-opacity":"","overlay-gradient":""},"tablet":{"background-color":"var(--ast-global-color-5)","background-image":"","background-repeat":"repeat","background-position":"center center","background-size":"auto","background-attachment":"scroll","background-type":"","background-media":"","overlay-type":"","overlay-color":"","overlay-opacity":"","overlay-gradient":""},"mobile":{"background-color":"var(--ast-global-color-5)","background-image":"","background-repeat":"repeat","background-position":"center center","background-size":"auto","background-attachment":"scroll","background-type":"","background-media":"","overlay-type":"","overlay-color":"","overlay-opacity":"","overlay-gradient":""}},"episode_type":"","audio_file":"","podmotor_file_id":"","podmotor_episode_id":"","cover_image":"","cover_image_id":"","duration":"","filesize":"","filesize_raw":"","date_recorded":"","explicit":"","block":"","itunes_episode_number":"","itunes_title":"","itunes_season_number":"","itunes_episode_type":"","footnotes":""},"categories":[8],"tags":[],"ppma_author":[21],"class_list":["post-7120","post","type-post","status-publish","format-standard","has-post-thumbnail","hentry","category-noticias"],"authors":[{"term_id":21,"user_id":3,"is_guest":0,"slug":"editcomunicador","display_name":"Equipo de Comunicaci\u00f3n","avatar_url":"http:\/\/centrosloyolacuba.org\/loyolareina\/wp-content\/uploads\/2024\/04\/Avatars-Comunicaciones-96x96.webp","0":null,"1":"","2":"","3":"","4":"","5":"","6":"","7":"","8":""}],"rttpg_featured_image_url":{"full":["https:\/\/centrosloyolacuba.org\/loyolareina\/wp-content\/uploads\/2025\/05\/Laudato-Si.webp",640,360,false],"landscape":["https:\/\/centrosloyolacuba.org\/loyolareina\/wp-content\/uploads\/2025\/05\/Laudato-Si.webp",640,360,false],"portraits":["https:\/\/centrosloyolacuba.org\/loyolareina\/wp-content\/uploads\/2025\/05\/Laudato-Si.webp",640,360,false],"thumbnail":["https:\/\/centrosloyolacuba.org\/loyolareina\/wp-content\/uploads\/2025\/05\/Laudato-Si-150x150.webp",150,150,true],"medium":["https:\/\/centrosloyolacuba.org\/loyolareina\/wp-content\/uploads\/2025\/05\/Laudato-Si-300x169.webp",300,169,true],"large":["https:\/\/centrosloyolacuba.org\/loyolareina\/wp-content\/uploads\/2025\/05\/Laudato-Si.webp",640,360,false],"1536x1536":["https:\/\/centrosloyolacuba.org\/loyolareina\/wp-content\/uploads\/2025\/05\/Laudato-Si.webp",640,360,false],"2048x2048":["https:\/\/centrosloyolacuba.org\/loyolareina\/wp-content\/uploads\/2025\/05\/Laudato-Si.webp",640,360,false],"bm-post-thumb":["https:\/\/centrosloyolacuba.org\/loyolareina\/wp-content\/uploads\/2025\/05\/Laudato-Si-250x250.webp",250,250,true],"bm-post-medium":["https:\/\/centrosloyolacuba.org\/loyolareina\/wp-content\/uploads\/2025\/05\/Laudato-Si-480x250.webp",480,250,true]},"rttpg_author":{"display_name":"Equipo de Comunicaci\u00f3n","author_link":"https:\/\/centrosloyolacuba.org\/loyolareina\/author\/editcomunicador\/"},"rttpg_comment":0,"rttpg_category":"<a href=\"https:\/\/centrosloyolacuba.org\/loyolareina\/category\/noticias\/\" rel=\"category tag\">Noticias<\/a>","rttpg_excerpt":"Del 24 al 31 de mayo, instituciones de todo el mundo celebran la Semana dedicada a la enc\u00edclica ecol\u00f3gica Laudato Si\u2019, una ocasi\u00f3n para visibilizar iniciativas locales y fortalecer la esperanza en un futuro m\u00e1s fraterno y responsable...","_links":{"self":[{"href":"https:\/\/centrosloyolacuba.org\/loyolareina\/wp-json\/wp\/v2\/posts\/7120","targetHints":{"allow":["GET"]}}],"collection":[{"href":"https:\/\/centrosloyolacuba.org\/loyolareina\/wp-json\/wp\/v2\/posts"}],"about":[{"href":"https:\/\/centrosloyolacuba.org\/loyolareina\/wp-json\/wp\/v2\/types\/post"}],"author":[{"embeddable":true,"href":"https:\/\/centrosloyolacuba.org\/loyolareina\/wp-json\/wp\/v2\/users\/3"}],"replies":[{"embeddable":true,"href":"https:\/\/centrosloyolacuba.org\/loyolareina\/wp-json\/wp\/v2\/comments?post=7120"}],"version-history":[{"count":8,"href":"https:\/\/centrosloyolacuba.org\/loyolareina\/wp-json\/wp\/v2\/posts\/7120\/revisions"}],"predecessor-version":[{"id":7140,"href":"https:\/\/centrosloyolacuba.org\/loyolareina\/wp-json\/wp\/v2\/posts\/7120\/revisions\/7140"}],"wp:featuredmedia":[{"embeddable":true,"href":"https:\/\/centrosloyolacuba.org\/loyolareina\/wp-json\/wp\/v2\/media\/7124"}],"wp:attachment":[{"href":"https:\/\/centrosloyolacuba.org\/loyolareina\/wp-json\/wp\/v2\/media?parent=7120"}],"wp:term":[{"taxonomy":"category","embeddable":true,"href":"https:\/\/centrosloyolacuba.org\/loyolareina\/wp-json\/wp\/v2\/categories?post=7120"},{"taxonomy":"post_tag","embeddable":true,"href":"https:\/\/centrosloyolacuba.org\/loyolareina\/wp-json\/wp\/v2\/tags?post=7120"},{"taxonomy":"author","embeddable":true,"href":"https:\/\/centrosloyolacuba.org\/loyolareina\/wp-json\/wp\/v2\/ppma_author?post=7120"}],"curies":[{"name":"wp","href":"https:\/\/api.w.org\/{rel}","templated":true}]}}