{"id":7094,"date":"2025-05-20T07:42:27","date_gmt":"2025-05-20T12:42:27","guid":{"rendered":"https:\/\/centrosloyolacuba.org\/loyolareina\/?p=7094"},"modified":"2025-05-20T08:22:07","modified_gmt":"2025-05-20T13:22:07","slug":"la-orquesta-del-talento-y-la-amistad","status":"publish","type":"post","link":"https:\/\/centrosloyolacuba.org\/loyolareina\/la-orquesta-del-talento-y-la-amistad\/","title":{"rendered":"La orquesta del talento y la amistad"},"content":{"rendered":"\n<p>\u201c\u00a1Corre! Por ah\u00ed viene el p\u00fablico\u201d. Por todo el pasillo del teatro del <strong><a href=\"https:\/\/centrosloyolacuba.org\/loyolareina\/\" target=\"_blank\" rel=\"noreferrer noopener\">Centro Loyola Reina<\/a><\/strong> se adelantaba apresuradamente una de las integrantes de la Orquesta Juvenil Loyola de la C\u00e1tedra para el Emprendimiento y la Formaci\u00f3n Art\u00edstica Loyola <strong><a href=\"https:\/\/centrosloyolacuba.org\/loyolareina\/cfal\/\" target=\"_blank\" rel=\"noreferrer noopener\">(CEFAL)<\/a><\/strong>.<br>Antes de abrirse las cortinas del escenario, un grupo de j\u00f3venes m\u00fasicos se preparaba ansiosamente.<\/p>\n\n\n\n<p>As\u00ed comenzaba uno de los espacios habituales de cada mes: tarde llena de m\u00fasica, camarader\u00eda y una dosis enorme de talento juvenil.<\/p>\n\n\n\n<figure class=\"wp-block-gallery has-nested-images columns-default is-cropped wp-block-gallery-1 is-layout-flex wp-block-gallery-is-layout-flex\">\n<figure class=\"wp-block-image size-large\"><a href=\"https:\/\/centrosloyolacuba.org\/loyolareina\/wp-content\/uploads\/2025\/05\/Orquesta-Juvenil-Loyola-de-la-Catedra.webp\"><img fetchpriority=\"high\" decoding=\"async\" width=\"640\" height=\"480\" data-id=\"7107\" src=\"https:\/\/centrosloyolacuba.org\/loyolareina\/wp-content\/uploads\/2025\/05\/Orquesta-Juvenil-Loyola-de-la-Catedra.webp\" alt=\"\" class=\"wp-image-7107\" srcset=\"https:\/\/centrosloyolacuba.org\/loyolareina\/wp-content\/uploads\/2025\/05\/Orquesta-Juvenil-Loyola-de-la-Catedra.webp 640w, https:\/\/centrosloyolacuba.org\/loyolareina\/wp-content\/uploads\/2025\/05\/Orquesta-Juvenil-Loyola-de-la-Catedra-300x225.webp 300w\" sizes=\"(max-width: 640px) 100vw, 640px\" \/><\/a><\/figure>\n\n\n\n<figure class=\"wp-block-image size-large\"><a href=\"https:\/\/centrosloyolacuba.org\/loyolareina\/wp-content\/uploads\/2025\/05\/Orquesta-Juvenil-Loyola-1.webp\"><img decoding=\"async\" width=\"640\" height=\"389\" data-id=\"7108\" src=\"https:\/\/centrosloyolacuba.org\/loyolareina\/wp-content\/uploads\/2025\/05\/Orquesta-Juvenil-Loyola-1.webp\" alt=\"\" class=\"wp-image-7108\" srcset=\"https:\/\/centrosloyolacuba.org\/loyolareina\/wp-content\/uploads\/2025\/05\/Orquesta-Juvenil-Loyola-1.webp 640w, https:\/\/centrosloyolacuba.org\/loyolareina\/wp-content\/uploads\/2025\/05\/Orquesta-Juvenil-Loyola-1-300x182.webp 300w\" sizes=\"(max-width: 640px) 100vw, 640px\" \/><\/a><\/figure>\n<\/figure>\n\n\n\n<h2 class=\"wp-block-heading\"><br>J\u00f3venes talentos listos para brillar<\/h2>\n\n\n\n<p>La orquesta, bajo la tutela del destacado m\u00fasico <strong><a href=\"https:\/\/www.tribuna.cu\/cultura\/2023-12-12\/christopher-simpson-mientras-tenga-fuerzas-voy-a-seguir-haciendo-arte\" target=\"_blank\" rel=\"noopener\">Christopher Simpson<\/a><\/strong>, ha cultivado un repertorio que ya tiene en su haber canciones de autor\u00eda, y covers habituales como la \u00faltima colaboraci\u00f3n de Bruno Mars con Lady Gaga en el tema \u201cDie whit a smile\u201d.<\/p>\n\n\n\n<h2 class=\"wp-block-heading\">Un repertorio variado y creativo<\/h2>\n\n\n\n<p>El talento de estos j\u00f3venes es innegable. Durante la pe\u00f1a, algunos se turnaron para tomar el protagonismo, mostrando su versatilidad al intercambiar roles e instrumentos; convirtiendo este ejercicio en un reflejo de la libertad creativa que fomenta el proyecto del Centro Loyola Reina.<\/p>\n\n\n\n<h2 class=\"wp-block-heading\">Libertad y compa\u00f1erismo sobre el escenario<\/h2>\n\n\n\n<p>Durante la presentaci\u00f3n, el escenario se convierte en un espacio donde todos tienen la oportunidad de brillar.<\/p>\n\n\n\n<p>La conexi\u00f3n entre los miembros de la orquesta es evidente; no son solo compa\u00f1eros de m\u00fasica, sino amigos que se apoyan mutuamente.<\/p>\n\n\n\n<p>La energ\u00eda en el lugar es contagiosa, amplificada por la presencia incondicional de amigos y familiares.<\/p>\n\n\n\n<p>Entre el p\u00fablico, se puede ver a padres orgullosos y amigos animando cada interpretaci\u00f3n. La comunidad ha llegado para quedarse, apoyando a estos j\u00f3venes talentos en cada paso de su camino. Es palpable c\u00f3mo esa red potencia a\u00fan m\u00e1s su confianza sobre el escenario.<\/p>\n\n\n\n<figure class=\"wp-block-gallery has-nested-images columns-default is-cropped wp-block-gallery-2 is-layout-flex wp-block-gallery-is-layout-flex\">\n<figure class=\"wp-block-image size-large\"><a href=\"https:\/\/centrosloyolacuba.org\/loyolareina\/wp-content\/uploads\/2025\/05\/Orquesta-Loyola.webp\"><img decoding=\"async\" width=\"480\" height=\"467\" data-id=\"7110\" src=\"https:\/\/centrosloyolacuba.org\/loyolareina\/wp-content\/uploads\/2025\/05\/Orquesta-Loyola.webp\" alt=\"\" class=\"wp-image-7110\" srcset=\"https:\/\/centrosloyolacuba.org\/loyolareina\/wp-content\/uploads\/2025\/05\/Orquesta-Loyola.webp 480w, https:\/\/centrosloyolacuba.org\/loyolareina\/wp-content\/uploads\/2025\/05\/Orquesta-Loyola-300x292.webp 300w\" sizes=\"(max-width: 480px) 100vw, 480px\" \/><\/a><\/figure>\n\n\n\n<figure class=\"wp-block-image size-large\"><a href=\"https:\/\/centrosloyolacuba.org\/loyolareina\/wp-content\/uploads\/2025\/05\/Christopher-Simpson-y-sus-alumnos.webp\"><img loading=\"lazy\" decoding=\"async\" width=\"640\" height=\"475\" data-id=\"7111\" src=\"https:\/\/centrosloyolacuba.org\/loyolareina\/wp-content\/uploads\/2025\/05\/Christopher-Simpson-y-sus-alumnos.webp\" alt=\"\" class=\"wp-image-7111\" srcset=\"https:\/\/centrosloyolacuba.org\/loyolareina\/wp-content\/uploads\/2025\/05\/Christopher-Simpson-y-sus-alumnos.webp 640w, https:\/\/centrosloyolacuba.org\/loyolareina\/wp-content\/uploads\/2025\/05\/Christopher-Simpson-y-sus-alumnos-300x223.webp 300w\" sizes=\"(max-width: 640px) 100vw, 640px\" \/><\/a><\/figure>\n<\/figure>\n\n\n\n<h2 class=\"wp-block-heading\"><br>Orientaci\u00f3n y valores en cada presentaci\u00f3n<\/h2>\n\n\n\n<p>Si de apoyo se trata, Ulises, coordinador de la CEFAL, est\u00e1 presente en cada rinc\u00f3n, ofreciendo orientaci\u00f3n y sabidur\u00eda a los j\u00f3venes artistas. Junto a Denita, enfatizan la importancia del respeto hacia el escenario, un recordatorio que se escucha antes de cada actuaci\u00f3n. Pero tambi\u00e9n les transmiten que disfruten cada instante: cada presentaci\u00f3n es una oportunidad para conectar con el p\u00fablico y vivir la m\u00fasica al m\u00e1ximo.<\/p>\n\n\n\n<p>No solo se cant\u00f3; rieron, compartieron an\u00e9cdotas, felicitaron a cumplea\u00f1eros, y hasta un que otro chiste anim\u00f3 la pe\u00f1a.<\/p>\n\n\n\n<h2 class=\"wp-block-heading\">Reconocimiento y aplausos para los j\u00f3venes m\u00fasicos<\/h2>\n\n\n\n<p>Tras finalizar, los aplausos no se hicieron esperar. Hubo hasta varios gritos de \u00a1otra!\u2026 hecho que demuestra el reconocimiento y agradecimiento por el esfuerzo, talento y dedicaci\u00f3n de estos j\u00f3venes m\u00fasicos; y tambi\u00e9n refleja la satisfacci\u00f3n de haber pasado un tiempo de calidad y disfrute.<\/p>\n\n\n\n<figure class=\"wp-block-gallery has-nested-images columns-default is-cropped wp-block-gallery-3 is-layout-flex wp-block-gallery-is-layout-flex\">\n<figure class=\"wp-block-image size-large\"><a href=\"https:\/\/centrosloyolacuba.org\/loyolareina\/wp-content\/uploads\/2025\/05\/Orquesta-Loyola-2.webp\"><img loading=\"lazy\" decoding=\"async\" width=\"480\" height=\"442\" data-id=\"7113\" src=\"https:\/\/centrosloyolacuba.org\/loyolareina\/wp-content\/uploads\/2025\/05\/Orquesta-Loyola-2.webp\" alt=\"\" class=\"wp-image-7113\" srcset=\"https:\/\/centrosloyolacuba.org\/loyolareina\/wp-content\/uploads\/2025\/05\/Orquesta-Loyola-2.webp 480w, https:\/\/centrosloyolacuba.org\/loyolareina\/wp-content\/uploads\/2025\/05\/Orquesta-Loyola-2-300x276.webp 300w\" sizes=\"(max-width: 480px) 100vw, 480px\" \/><\/a><\/figure>\n\n\n\n<figure class=\"wp-block-image size-large\"><a href=\"https:\/\/centrosloyolacuba.org\/loyolareina\/wp-content\/uploads\/2025\/05\/Loyola-CEFAL.webp\"><img loading=\"lazy\" decoding=\"async\" width=\"480\" height=\"320\" data-id=\"7114\" src=\"https:\/\/centrosloyolacuba.org\/loyolareina\/wp-content\/uploads\/2025\/05\/Loyola-CEFAL.webp\" alt=\"\" class=\"wp-image-7114\" srcset=\"https:\/\/centrosloyolacuba.org\/loyolareina\/wp-content\/uploads\/2025\/05\/Loyola-CEFAL.webp 480w, https:\/\/centrosloyolacuba.org\/loyolareina\/wp-content\/uploads\/2025\/05\/Loyola-CEFAL-300x200.webp 300w\" sizes=\"(max-width: 480px) 100vw, 480px\" \/><\/a><\/figure>\n<\/figure>\n<p>Visitas: 88<\/p>","protected":false},"excerpt":{"rendered":"<p>La energ\u00eda en el lugar es contagiosa, amplificada por la presencia incondicional de amigos&#8230;<\/p>\n","protected":false},"author":3,"featured_media":7104,"comment_status":"open","ping_status":"open","sticky":false,"template":"","format":"standard","meta":{"site-sidebar-layout":"default","site-content-layout":"","ast-site-content-layout":"default","site-content-style":"default","site-sidebar-style":"default","ast-global-header-display":"","ast-banner-title-visibility":"","ast-main-header-display":"","ast-hfb-above-header-display":"","ast-hfb-below-header-display":"","ast-hfb-mobile-header-display":"","site-post-title":"","ast-breadcrumbs-content":"","ast-featured-img":"disabled","footer-sml-layout":"","theme-transparent-header-meta":"","adv-header-id-meta":"","stick-header-meta":"","header-above-stick-meta":"","header-main-stick-meta":"","header-below-stick-meta":"","astra-migrate-meta-layouts":"set","ast-page-background-enabled":"default","ast-page-background-meta":{"desktop":{"background-color":"","background-image":"","background-repeat":"repeat","background-position":"center center","background-size":"auto","background-attachment":"scroll","background-type":"","background-media":"","overlay-type":"","overlay-color":"","overlay-opacity":"","overlay-gradient":""},"tablet":{"background-color":"","background-image":"","background-repeat":"repeat","background-position":"center center","background-size":"auto","background-attachment":"scroll","background-type":"","background-media":"","overlay-type":"","overlay-color":"","overlay-opacity":"","overlay-gradient":""},"mobile":{"background-color":"","background-image":"","background-repeat":"repeat","background-position":"center center","background-size":"auto","background-attachment":"scroll","background-type":"","background-media":"","overlay-type":"","overlay-color":"","overlay-opacity":"","overlay-gradient":""}},"ast-content-background-meta":{"desktop":{"background-color":"var(--ast-global-color-5)","background-image":"","background-repeat":"repeat","background-position":"center center","background-size":"auto","background-attachment":"scroll","background-type":"","background-media":"","overlay-type":"","overlay-color":"","overlay-opacity":"","overlay-gradient":""},"tablet":{"background-color":"var(--ast-global-color-5)","background-image":"","background-repeat":"repeat","background-position":"center center","background-size":"auto","background-attachment":"scroll","background-type":"","background-media":"","overlay-type":"","overlay-color":"","overlay-opacity":"","overlay-gradient":""},"mobile":{"background-color":"var(--ast-global-color-5)","background-image":"","background-repeat":"repeat","background-position":"center center","background-size":"auto","background-attachment":"scroll","background-type":"","background-media":"","overlay-type":"","overlay-color":"","overlay-opacity":"","overlay-gradient":""}},"episode_type":"","audio_file":"","podmotor_file_id":"","podmotor_episode_id":"","cover_image":"","cover_image_id":"","duration":"","filesize":"","filesize_raw":"","date_recorded":"","explicit":"","block":"","itunes_episode_number":"","itunes_title":"","itunes_season_number":"","itunes_episode_type":"","footnotes":""},"categories":[8],"tags":[],"ppma_author":[21],"class_list":["post-7094","post","type-post","status-publish","format-standard","has-post-thumbnail","hentry","category-noticias"],"authors":[{"term_id":21,"user_id":3,"is_guest":0,"slug":"editcomunicador","display_name":"Equipo de Comunicaci\u00f3n","avatar_url":"http:\/\/centrosloyolacuba.org\/loyolareina\/wp-content\/uploads\/2024\/04\/Avatars-Comunicaciones-96x96.webp","0":null,"1":"","2":"","3":"","4":"","5":"","6":"","7":"","8":""}],"rttpg_featured_image_url":{"full":["https:\/\/centrosloyolacuba.org\/loyolareina\/wp-content\/uploads\/2025\/05\/Orquesta-Juvenil-Loyola.webp",640,480,false],"landscape":["https:\/\/centrosloyolacuba.org\/loyolareina\/wp-content\/uploads\/2025\/05\/Orquesta-Juvenil-Loyola.webp",640,480,false],"portraits":["https:\/\/centrosloyolacuba.org\/loyolareina\/wp-content\/uploads\/2025\/05\/Orquesta-Juvenil-Loyola.webp",640,480,false],"thumbnail":["https:\/\/centrosloyolacuba.org\/loyolareina\/wp-content\/uploads\/2025\/05\/Orquesta-Juvenil-Loyola-150x150.webp",150,150,true],"medium":["https:\/\/centrosloyolacuba.org\/loyolareina\/wp-content\/uploads\/2025\/05\/Orquesta-Juvenil-Loyola-300x225.webp",300,225,true],"large":["https:\/\/centrosloyolacuba.org\/loyolareina\/wp-content\/uploads\/2025\/05\/Orquesta-Juvenil-Loyola.webp",640,480,false],"1536x1536":["https:\/\/centrosloyolacuba.org\/loyolareina\/wp-content\/uploads\/2025\/05\/Orquesta-Juvenil-Loyola.webp",640,480,false],"2048x2048":["https:\/\/centrosloyolacuba.org\/loyolareina\/wp-content\/uploads\/2025\/05\/Orquesta-Juvenil-Loyola.webp",640,480,false],"bm-post-thumb":["https:\/\/centrosloyolacuba.org\/loyolareina\/wp-content\/uploads\/2025\/05\/Orquesta-Juvenil-Loyola-250x250.webp",250,250,true],"bm-post-medium":["https:\/\/centrosloyolacuba.org\/loyolareina\/wp-content\/uploads\/2025\/05\/Orquesta-Juvenil-Loyola-480x250.webp",480,250,true]},"rttpg_author":{"display_name":"Equipo de Comunicaci\u00f3n","author_link":"https:\/\/centrosloyolacuba.org\/loyolareina\/author\/editcomunicador\/"},"rttpg_comment":0,"rttpg_category":"<a href=\"https:\/\/centrosloyolacuba.org\/loyolareina\/category\/noticias\/\" rel=\"category tag\">Noticias<\/a>","rttpg_excerpt":"La energ\u00eda en el lugar es contagiosa, amplificada por la presencia incondicional de amigos...","_links":{"self":[{"href":"https:\/\/centrosloyolacuba.org\/loyolareina\/wp-json\/wp\/v2\/posts\/7094","targetHints":{"allow":["GET"]}}],"collection":[{"href":"https:\/\/centrosloyolacuba.org\/loyolareina\/wp-json\/wp\/v2\/posts"}],"about":[{"href":"https:\/\/centrosloyolacuba.org\/loyolareina\/wp-json\/wp\/v2\/types\/post"}],"author":[{"embeddable":true,"href":"https:\/\/centrosloyolacuba.org\/loyolareina\/wp-json\/wp\/v2\/users\/3"}],"replies":[{"embeddable":true,"href":"https:\/\/centrosloyolacuba.org\/loyolareina\/wp-json\/wp\/v2\/comments?post=7094"}],"version-history":[{"count":14,"href":"https:\/\/centrosloyolacuba.org\/loyolareina\/wp-json\/wp\/v2\/posts\/7094\/revisions"}],"predecessor-version":[{"id":7118,"href":"https:\/\/centrosloyolacuba.org\/loyolareina\/wp-json\/wp\/v2\/posts\/7094\/revisions\/7118"}],"wp:featuredmedia":[{"embeddable":true,"href":"https:\/\/centrosloyolacuba.org\/loyolareina\/wp-json\/wp\/v2\/media\/7104"}],"wp:attachment":[{"href":"https:\/\/centrosloyolacuba.org\/loyolareina\/wp-json\/wp\/v2\/media?parent=7094"}],"wp:term":[{"taxonomy":"category","embeddable":true,"href":"https:\/\/centrosloyolacuba.org\/loyolareina\/wp-json\/wp\/v2\/categories?post=7094"},{"taxonomy":"post_tag","embeddable":true,"href":"https:\/\/centrosloyolacuba.org\/loyolareina\/wp-json\/wp\/v2\/tags?post=7094"},{"taxonomy":"author","embeddable":true,"href":"https:\/\/centrosloyolacuba.org\/loyolareina\/wp-json\/wp\/v2\/ppma_author?post=7094"}],"curies":[{"name":"wp","href":"https:\/\/api.w.org\/{rel}","templated":true}]}}