{"id":7025,"date":"2025-05-15T10:35:30","date_gmt":"2025-05-15T15:35:30","guid":{"rendered":"https:\/\/centrosloyolacuba.org\/loyolareina\/?p=7025"},"modified":"2025-05-15T14:05:33","modified_gmt":"2025-05-15T19:05:33","slug":"familia-participacion-educativa-centro-loyola-reina","status":"publish","type":"post","link":"https:\/\/centrosloyolacuba.org\/loyolareina\/familia-participacion-educativa-centro-loyola-reina\/","title":{"rendered":"D\u00eda Internacional de las Familias: Acompa\u00f1ando juntos desde el Centro Loyola Reina"},"content":{"rendered":"\n<h2 class=\"wp-block-heading\">D\u00eda Internacional de las Familias: Reconociendo su importancia<\/h2>\n\n\n\n<p>Cada 15 de mayo, el mundo conmemora el D\u00eda Internacional de las Familias, una fecha proclamada por la Asamblea General de las Naciones Unidas para reconocer el papel fundamental que tiene la familia como c\u00e9lula b\u00e1sica de la sociedad. Esta jornada es una invitaci\u00f3n a reflexionar sobre la importancia de la familia en la educaci\u00f3n, la transmisi\u00f3n de valores y la formaci\u00f3n de ciudadanos capaces de construir una comunidad m\u00e1s equitativa y solidaria.<\/p>\n\n\n\n<h2 class=\"wp-block-heading\">El compromiso del Centro Loyola Reina con las familias<\/h2>\n\n\n\n<p>En el <strong><a href=\"https:\/\/centrosloyolacuba.org\/loyolareina\/\" target=\"_blank\" rel=\"noreferrer noopener\">Centro Loyola Reina<\/a><\/strong>, esta celebraci\u00f3n adquiere un significado especial, pues reafirmamos nuestro compromiso con el fortalecimiento de las familias como n\u00facleo esencial para el desarrollo integral de las personas y la transformaci\u00f3n social. La familia es el primer espacio donde se forman los valores, la personalidad y el sentido de comunidad. Es en ella donde se aprende el amor, la solidaridad y la responsabilidad, pilares que sostienen un entorno saludable y armonioso. Desde el Centro Loyola Reina, entendemos que acompa\u00f1ar a las familias es acompa\u00f1ar el futuro de nuestra comunidad.<\/p>\n\n\n\n<figure class=\"wp-block-image aligncenter size-full\"><a href=\"https:\/\/centrosloyolacuba.org\/loyolareina\/wp-content\/uploads\/2025\/05\/Familias-en-Loyola.webp\"><img fetchpriority=\"high\" decoding=\"async\" width=\"720\" height=\"540\" src=\"https:\/\/centrosloyolacuba.org\/loyolareina\/wp-content\/uploads\/2025\/05\/Familias-en-Loyola.webp\" alt=\"\" class=\"wp-image-7029\" srcset=\"https:\/\/centrosloyolacuba.org\/loyolareina\/wp-content\/uploads\/2025\/05\/Familias-en-Loyola.webp 720w, https:\/\/centrosloyolacuba.org\/loyolareina\/wp-content\/uploads\/2025\/05\/Familias-en-Loyola-300x225.webp 300w\" sizes=\"(max-width: 720px) 100vw, 720px\" \/><\/a><\/figure>\n\n\n\n<h2 class=\"wp-block-heading\">La familia en el centro de nuestros programas educativos<\/h2>\n\n\n\n<p>A trav\u00e9s de nuestros programas educativos y sociales, promovemos la participaci\u00f3n activa de las familias en procesos de aprendizaje, crecimiento y bienestar. En nuestro programa educativo, la familia ocupa un lugar central. No solo valoramos el rol de los padres en el acompa\u00f1amiento diario, sino que tambi\u00e9n entendemos los diferentes procesos y etapas por los que atraviesan las familias. Por eso, dise\u00f1amos espacios donde pueden participar activamente, compartir experiencias y fortalecer los v\u00ednculos que los unen.<\/p>\n\n\n\n<h2 class=\"wp-block-heading\">Casa Com\u00fan y el Club de Sabios: una escuela de padres en acci\u00f3n<\/h2>\n\n\n\n<p>Un ejemplo destacado es el proyecto <strong><a href=\"https:\/\/centrosloyolacuba.org\/loyolareina\/casa-comun\/\" target=\"_blank\" rel=\"noreferrer noopener\">Casa Com\u00fan<\/a><\/strong>, que no solo promueve la educaci\u00f3n ambiental y el cuidado del planeta, sino que tambi\u00e9n ha creado el <strong>Club de Sabios<\/strong>: un espacio de encuentro para padres que se re\u00fane dos s\u00e1bados al mes, de 10 a 12 de la ma\u00f1ana. Este club naci\u00f3 como una reuni\u00f3n mensual, pero la demanda y el inter\u00e9s de las familias lo han convertido en un espacio quincenal. Aqu\u00ed, los padres dialogan sobre temas de crianza, roles familiares, educaci\u00f3n ecol\u00f3gica, emprendimiento y reciclaje, compartiendo inquietudes y experiencias que enriquecen a todo el grupo. Bajo la gu\u00eda de Jos\u00e9, psic\u00f3logo y animador del proyecto, el Club de Sabios se ha consolidado como una verdadera escuela de padres, donde el aprendizaje mutuo y la orientaci\u00f3n profesional fortalecen la vida familiar y comunitaria.<\/p>\n\n\n\n<figure class=\"wp-block-image aligncenter size-full\"><a href=\"https:\/\/centrosloyolacuba.org\/loyolareina\/wp-content\/uploads\/2025\/05\/Club-de-sabios.webp\"><img decoding=\"async\" width=\"720\" height=\"404\" src=\"https:\/\/centrosloyolacuba.org\/loyolareina\/wp-content\/uploads\/2025\/05\/Club-de-sabios.webp\" alt=\"\" class=\"wp-image-7040\" srcset=\"https:\/\/centrosloyolacuba.org\/loyolareina\/wp-content\/uploads\/2025\/05\/Club-de-sabios.webp 720w, https:\/\/centrosloyolacuba.org\/loyolareina\/wp-content\/uploads\/2025\/05\/Club-de-sabios-300x168.webp 300w\" sizes=\"(max-width: 720px) 100vw, 720px\" \/><\/a><\/figure>\n\n\n\n<h2 class=\"wp-block-heading\">CEFAL: Familias como aliados en el arte y el emprendimiento<\/h2>\n\n\n\n<p>Por su parte, el proyecto <strong><a href=\"https:\/\/centrosloyolacuba.org\/loyolareina\/cfal\/\" target=\"_blank\" rel=\"noreferrer noopener\">CEFAL<\/a><\/strong> (C\u00e1tedra para el Emprendimiento y la Formaci\u00f3n Art\u00edstica de Loyola) apuesta por el poder transformador del arte y el emprendimiento en la vida de ni\u00f1os, ni\u00f1as, adolescentes y j\u00f3venes. El profesor Ulises, coordinador de <strong><a href=\"https:\/\/centrosloyolacuba.org\/loyolareina\/cfal\/\" target=\"_blank\" rel=\"noreferrer noopener\">CEFAL<\/a><\/strong>, resalta siempre que la familia es el principal aliado para el \u00e9xito de los talleres y actividades. El apoyo familiar es fundamental para que los participantes asistan, se involucren y desplieguen todo su potencial creativo. Las familias no solo acompa\u00f1an, sino que se convierten en p\u00fablico esencial y voceros de las iniciativas art\u00edsticas, multiplicando el alcance de cada presentaci\u00f3n.<\/p>\n\n\n\n<p>Experiencias como <strong><a href=\"https:\/\/centrosloyolacuba.org\/loyolareina\/arte-infantil-y-emprendimiento-centro-loyola-reina\/\" target=\"_blank\" rel=\"noreferrer noopener\">\u201cLa Burundanga\u201d<\/a><\/strong> -un teatro abierto donde los j\u00f3venes presentan fragmentos de sus obras ante sus familias- demuestran c\u00f3mo los talleres de <strong><a href=\"https:\/\/centrosloyolacuba.org\/loyolareina\/cfal\/\">CEFAL <\/a><\/strong>se convierten en espacios de encuentro, diversi\u00f3n y orgullo compartido. Los padres disfrutan y celebran los logros de sus hijos, fortaleciendo el v\u00ednculo familiar y la motivaci\u00f3n de los participantes.<\/p>\n\n\n\n<figure class=\"wp-block-image aligncenter size-full\"><a href=\"https:\/\/centrosloyolacuba.org\/loyolareina\/wp-content\/uploads\/2025\/05\/La-burundanga.webp\"><img decoding=\"async\" width=\"720\" height=\"540\" src=\"https:\/\/centrosloyolacuba.org\/loyolareina\/wp-content\/uploads\/2025\/05\/La-burundanga.webp\" alt=\"\" class=\"wp-image-7036\" srcset=\"https:\/\/centrosloyolacuba.org\/loyolareina\/wp-content\/uploads\/2025\/05\/La-burundanga.webp 720w, https:\/\/centrosloyolacuba.org\/loyolareina\/wp-content\/uploads\/2025\/05\/La-burundanga-300x225.webp 300w\" sizes=\"(max-width: 720px) 100vw, 720px\" \/><\/a><\/figure>\n\n\n\n<h2 class=\"wp-block-heading\">Otros espacios de acompa\u00f1amiento y participaci\u00f3n<\/h2>\n\n\n\n<p>Entre los proyecto que acogen y acompa\u00f1an a las familias est\u00e1 Convivir, que fomenta competencias emprendedoras en ni\u00f1os, ni\u00f1as y adolescentes, apoyando su desarrollo integral y su compromiso con la comunidad.Adem\u00e1s, proyectos como <strong><a href=\"https:\/\/centrosloyolacuba.org\/loyolareina\/sentir\/\" target=\"_blank\" rel=\"noreferrer noopener\">Sentir<\/a><\/strong> ofrecen orientaci\u00f3n y acompa\u00f1amiento psicol\u00f3gico a las familias, apoy\u00e1ndolas en la b\u00fasqueda de bienestar y en el afrontamiento conjunto de los desaf\u00edos cotidianos. Y en celebraciones como el D\u00eda de los Ni\u00f1os y las Ni\u00f1as, padres, madres y abuelos comparten juegos, talleres y sue\u00f1os junto a los m\u00e1s peque\u00f1os, reafirmando que cada proceso educativo en Loyola Reina est\u00e1 atravesado por las vivencias familiares.<\/p>\n\n\n\n<h2 class=\"wp-block-heading\">La familia, p\u00fablico esencial en la formaci\u00f3n integral<\/h2>\n\n\n\n<p>Sabemos que siempre que se trabaja con menores de edad, la familia est\u00e1 necesariamente implicada, y por eso la consideramos uno de nuestros p\u00fablicos esenciales. Nuestros proyectos y actividades integran a las familias en jornadas de aprendizaje, recreaci\u00f3n y reflexi\u00f3n, porque creemos que solo en comunidad se logra una formaci\u00f3n integral y transformadora.<\/p>\n\n\n\n<h2 class=\"wp-block-heading\">Nuestro acompa\u00f1amiento hacia futuros esperanzadores<\/h2>\n\n\n\n<p>En definitiva, en el Centro Loyola Reina, acompa\u00f1amos a las familias en cada paso, reconociendo su importancia y trabajando juntos para construir futuros m\u00e1s justos, solidarios y esperanzadores.<br><\/p>\n<p>Visitas: 59<\/p>","protected":false},"excerpt":{"rendered":"<p>Cada 15 de mayo, el mundo conmemora el D\u00eda Internacional de las Familias, una fecha proclamada por la Asamblea General de las Naciones Unidas para reconocer el papel fundamental que tiene la familia como c\u00e9lula b\u00e1sica de la sociedad&#8230;<\/p>\n","protected":false},"author":3,"featured_media":7026,"comment_status":"open","ping_status":"open","sticky":false,"template":"","format":"standard","meta":{"site-sidebar-layout":"default","site-content-layout":"","ast-site-content-layout":"default","site-content-style":"default","site-sidebar-style":"default","ast-global-header-display":"","ast-banner-title-visibility":"","ast-main-header-display":"","ast-hfb-above-header-display":"","ast-hfb-below-header-display":"","ast-hfb-mobile-header-display":"","site-post-title":"","ast-breadcrumbs-content":"","ast-featured-img":"disabled","footer-sml-layout":"","theme-transparent-header-meta":"","adv-header-id-meta":"","stick-header-meta":"","header-above-stick-meta":"","header-main-stick-meta":"","header-below-stick-meta":"","astra-migrate-meta-layouts":"set","ast-page-background-enabled":"default","ast-page-background-meta":{"desktop":{"background-color":"","background-image":"","background-repeat":"repeat","background-position":"center center","background-size":"auto","background-attachment":"scroll","background-type":"","background-media":"","overlay-type":"","overlay-color":"","overlay-opacity":"","overlay-gradient":""},"tablet":{"background-color":"","background-image":"","background-repeat":"repeat","background-position":"center center","background-size":"auto","background-attachment":"scroll","background-type":"","background-media":"","overlay-type":"","overlay-color":"","overlay-opacity":"","overlay-gradient":""},"mobile":{"background-color":"","background-image":"","background-repeat":"repeat","background-position":"center center","background-size":"auto","background-attachment":"scroll","background-type":"","background-media":"","overlay-type":"","overlay-color":"","overlay-opacity":"","overlay-gradient":""}},"ast-content-background-meta":{"desktop":{"background-color":"var(--ast-global-color-5)","background-image":"","background-repeat":"repeat","background-position":"center center","background-size":"auto","background-attachment":"scroll","background-type":"","background-media":"","overlay-type":"","overlay-color":"","overlay-opacity":"","overlay-gradient":""},"tablet":{"background-color":"var(--ast-global-color-5)","background-image":"","background-repeat":"repeat","background-position":"center center","background-size":"auto","background-attachment":"scroll","background-type":"","background-media":"","overlay-type":"","overlay-color":"","overlay-opacity":"","overlay-gradient":""},"mobile":{"background-color":"var(--ast-global-color-5)","background-image":"","background-repeat":"repeat","background-position":"center center","background-size":"auto","background-attachment":"scroll","background-type":"","background-media":"","overlay-type":"","overlay-color":"","overlay-opacity":"","overlay-gradient":""}},"episode_type":"","audio_file":"","podmotor_file_id":"","podmotor_episode_id":"","cover_image":"","cover_image_id":"","duration":"","filesize":"","filesize_raw":"","date_recorded":"","explicit":"","block":"","itunes_episode_number":"","itunes_title":"","itunes_season_number":"","itunes_episode_type":"","footnotes":""},"categories":[8],"tags":[],"ppma_author":[21],"class_list":["post-7025","post","type-post","status-publish","format-standard","has-post-thumbnail","hentry","category-noticias"],"authors":[{"term_id":21,"user_id":3,"is_guest":0,"slug":"editcomunicador","display_name":"Equipo de Comunicaci\u00f3n","avatar_url":"http:\/\/centrosloyolacuba.org\/loyolareina\/wp-content\/uploads\/2024\/04\/Avatars-Comunicaciones-96x96.webp","0":null,"1":"","2":"","3":"","4":"","5":"","6":"","7":"","8":""}],"rttpg_featured_image_url":{"full":["https:\/\/centrosloyolacuba.org\/loyolareina\/wp-content\/uploads\/2025\/05\/Proyect-Convivr.webp",420,315,false],"landscape":["https:\/\/centrosloyolacuba.org\/loyolareina\/wp-content\/uploads\/2025\/05\/Proyect-Convivr.webp",420,315,false],"portraits":["https:\/\/centrosloyolacuba.org\/loyolareina\/wp-content\/uploads\/2025\/05\/Proyect-Convivr.webp",420,315,false],"thumbnail":["https:\/\/centrosloyolacuba.org\/loyolareina\/wp-content\/uploads\/2025\/05\/Proyect-Convivr-150x150.webp",150,150,true],"medium":["https:\/\/centrosloyolacuba.org\/loyolareina\/wp-content\/uploads\/2025\/05\/Proyect-Convivr-300x225.webp",300,225,true],"large":["https:\/\/centrosloyolacuba.org\/loyolareina\/wp-content\/uploads\/2025\/05\/Proyect-Convivr.webp",420,315,false],"1536x1536":["https:\/\/centrosloyolacuba.org\/loyolareina\/wp-content\/uploads\/2025\/05\/Proyect-Convivr.webp",420,315,false],"2048x2048":["https:\/\/centrosloyolacuba.org\/loyolareina\/wp-content\/uploads\/2025\/05\/Proyect-Convivr.webp",420,315,false],"bm-post-thumb":["https:\/\/centrosloyolacuba.org\/loyolareina\/wp-content\/uploads\/2025\/05\/Proyect-Convivr-250x250.webp",250,250,true],"bm-post-medium":["https:\/\/centrosloyolacuba.org\/loyolareina\/wp-content\/uploads\/2025\/05\/Proyect-Convivr-420x250.webp",420,250,true]},"rttpg_author":{"display_name":"Equipo de Comunicaci\u00f3n","author_link":"https:\/\/centrosloyolacuba.org\/loyolareina\/author\/editcomunicador\/"},"rttpg_comment":1,"rttpg_category":"<a href=\"https:\/\/centrosloyolacuba.org\/loyolareina\/category\/noticias\/\" rel=\"category tag\">Noticias<\/a>","rttpg_excerpt":"Cada 15 de mayo, el mundo conmemora el D\u00eda Internacional de las Familias, una fecha proclamada por la Asamblea General de las Naciones Unidas para reconocer el papel fundamental que tiene la familia como c\u00e9lula b\u00e1sica de la sociedad...","_links":{"self":[{"href":"https:\/\/centrosloyolacuba.org\/loyolareina\/wp-json\/wp\/v2\/posts\/7025","targetHints":{"allow":["GET"]}}],"collection":[{"href":"https:\/\/centrosloyolacuba.org\/loyolareina\/wp-json\/wp\/v2\/posts"}],"about":[{"href":"https:\/\/centrosloyolacuba.org\/loyolareina\/wp-json\/wp\/v2\/types\/post"}],"author":[{"embeddable":true,"href":"https:\/\/centrosloyolacuba.org\/loyolareina\/wp-json\/wp\/v2\/users\/3"}],"replies":[{"embeddable":true,"href":"https:\/\/centrosloyolacuba.org\/loyolareina\/wp-json\/wp\/v2\/comments?post=7025"}],"version-history":[{"count":13,"href":"https:\/\/centrosloyolacuba.org\/loyolareina\/wp-json\/wp\/v2\/posts\/7025\/revisions"}],"predecessor-version":[{"id":7048,"href":"https:\/\/centrosloyolacuba.org\/loyolareina\/wp-json\/wp\/v2\/posts\/7025\/revisions\/7048"}],"wp:featuredmedia":[{"embeddable":true,"href":"https:\/\/centrosloyolacuba.org\/loyolareina\/wp-json\/wp\/v2\/media\/7026"}],"wp:attachment":[{"href":"https:\/\/centrosloyolacuba.org\/loyolareina\/wp-json\/wp\/v2\/media?parent=7025"}],"wp:term":[{"taxonomy":"category","embeddable":true,"href":"https:\/\/centrosloyolacuba.org\/loyolareina\/wp-json\/wp\/v2\/categories?post=7025"},{"taxonomy":"post_tag","embeddable":true,"href":"https:\/\/centrosloyolacuba.org\/loyolareina\/wp-json\/wp\/v2\/tags?post=7025"},{"taxonomy":"author","embeddable":true,"href":"https:\/\/centrosloyolacuba.org\/loyolareina\/wp-json\/wp\/v2\/ppma_author?post=7025"}],"curies":[{"name":"wp","href":"https:\/\/api.w.org\/{rel}","templated":true}]}}