{"id":5823,"date":"2025-01-11T14:11:18","date_gmt":"2025-01-11T14:11:18","guid":{"rendered":"https:\/\/centrosloyolacuba.org\/loyolareina\/?p=5823"},"modified":"2025-01-11T18:56:22","modified_gmt":"2025-01-11T18:56:22","slug":"despedida-orgiel-sanzo-centro-loyola","status":"publish","type":"post","link":"https:\/\/centrosloyolacuba.org\/loyolareina\/despedida-orgiel-sanzo-centro-loyola\/","title":{"rendered":"Un Legado de Esperanza: La Despedida de Orgiel Sanzo Mart\u00edn del Centro Loyola Reina"},"content":{"rendered":"\n<p>El pasado viernes 10 de Enero, la comunidad del Centro Loyola Reina se congreg\u00f3 en una emotiva misa de acci\u00f3n de gracias para despedir a Orgiel Sanzo Mart\u00edn. Tras seis a\u00f1os y medio de entrega y liderazgo, Orgiel culmina su misi\u00f3n como director de esta emblem\u00e1tica instituci\u00f3n, ubicada en el coraz\u00f3n de Centro Habana.<\/p>\n\n\n\n<figure class=\"wp-block-gallery alignwide has-nested-images columns-default is-cropped wp-block-gallery-1 is-layout-flex wp-block-gallery-is-layout-flex\">\n<figure class=\"wp-block-image size-full\"><img fetchpriority=\"high\" decoding=\"async\" width=\"640\" height=\"571\" data-id=\"5834\" src=\"https:\/\/centrosloyolacuba.org\/loyolareina\/wp-content\/uploads\/2025\/01\/Misa-de-accion-de-Gracia-por-la-presencia-de-Orgiel-02.webp\" alt=\"\" class=\"wp-image-5834\" srcset=\"https:\/\/centrosloyolacuba.org\/loyolareina\/wp-content\/uploads\/2025\/01\/Misa-de-accion-de-Gracia-por-la-presencia-de-Orgiel-02.webp 640w, https:\/\/centrosloyolacuba.org\/loyolareina\/wp-content\/uploads\/2025\/01\/Misa-de-accion-de-Gracia-por-la-presencia-de-Orgiel-02-300x268.webp 300w\" sizes=\"(max-width: 640px) 100vw, 640px\" \/><\/figure>\n\n\n\n<figure class=\"wp-block-image size-full\"><img decoding=\"async\" width=\"480\" height=\"640\" data-id=\"5835\" src=\"https:\/\/centrosloyolacuba.org\/loyolareina\/wp-content\/uploads\/2025\/01\/Misa-de-accion-de-Gracia-.webp\" alt=\"\" class=\"wp-image-5835\" srcset=\"https:\/\/centrosloyolacuba.org\/loyolareina\/wp-content\/uploads\/2025\/01\/Misa-de-accion-de-Gracia-.webp 480w, https:\/\/centrosloyolacuba.org\/loyolareina\/wp-content\/uploads\/2025\/01\/Misa-de-accion-de-Gracia--225x300.webp 225w\" sizes=\"(max-width: 480px) 100vw, 480px\" \/><\/figure>\n<\/figure>\n\n\n\n<p><br><br>Orgiel deja tras de s\u00ed un legado de esperanza, superaci\u00f3n y dedicaci\u00f3n. Durante su gesti\u00f3n, el Centro Loyola Reina se consolid\u00f3 como un espacio de encuentro y apoyo para la comunidad. Su liderazgo atraves\u00f3 desaf\u00edos hist\u00f3ricos, como la pandemia de COVID-19, durante la cual supo reinventar las actividades del centro. <br><br>A pesar del distanciamiento social, logr\u00f3 unir a colaboradores y beneficiarios a trav\u00e9s de las redes sociales, llevando a cada hogar mensajes de amor, oraci\u00f3n, fe y esperanza.<\/p>\n\n\n\n<figure class=\"wp-block-gallery alignwide has-nested-images columns-default is-cropped wp-block-gallery-2 is-layout-flex wp-block-gallery-is-layout-flex\">\n<figure class=\"wp-block-image size-full\"><img decoding=\"async\" width=\"640\" height=\"427\" data-id=\"5841\" src=\"https:\/\/centrosloyolacuba.org\/loyolareina\/wp-content\/uploads\/2025\/01\/Taller-de-Colaboradores-2022.webp\" alt=\"\" class=\"wp-image-5841\" srcset=\"https:\/\/centrosloyolacuba.org\/loyolareina\/wp-content\/uploads\/2025\/01\/Taller-de-Colaboradores-2022.webp 640w, https:\/\/centrosloyolacuba.org\/loyolareina\/wp-content\/uploads\/2025\/01\/Taller-de-Colaboradores-2022-300x200.webp 300w\" sizes=\"(max-width: 640px) 100vw, 640px\" \/><\/figure>\n\n\n\n<figure class=\"wp-block-image size-full\"><img loading=\"lazy\" decoding=\"async\" width=\"640\" height=\"427\" data-id=\"5843\" src=\"https:\/\/centrosloyolacuba.org\/loyolareina\/wp-content\/uploads\/2025\/01\/Taller-de-Colaboradores-Centro-Loyola-2022-1.webp\" alt=\"\" class=\"wp-image-5843\" srcset=\"https:\/\/centrosloyolacuba.org\/loyolareina\/wp-content\/uploads\/2025\/01\/Taller-de-Colaboradores-Centro-Loyola-2022-1.webp 640w, https:\/\/centrosloyolacuba.org\/loyolareina\/wp-content\/uploads\/2025\/01\/Taller-de-Colaboradores-Centro-Loyola-2022-1-300x200.webp 300w\" sizes=\"(max-width: 640px) 100vw, 640px\" \/><\/figure>\n<\/figure>\n\n\n\n<h2 class=\"wp-block-heading\"><br><strong>Un L\u00edder en Tiempos de Adversidad<\/strong><\/h2>\n\n\n\n<p>La gesti\u00f3n de Orgiel estuvo marcada por retos constantes: cortes de electricidad, problemas de transporte y otras adversidades que nunca menguaron su compromiso. Con car\u00e1cter decidido y un coraz\u00f3n fraternal, escuch\u00f3 y acompa\u00f1\u00f3 a quienes le rodeaban. Su lema, \u201cTodo cuanto he hecho, ha sido para mayor gloria de Dios\u201d, no solo guiaba su actuar, sino que inspiraba a todos a su alrededor.<\/p>\n\n\n\n<p>Orgiel fue mucho m\u00e1s que un director: fue un l\u00edder que siempre estuvo presente. Su capacidad para adaptarse y mantenerse fiel a su misi\u00f3n, incluso en los momentos m\u00e1s dif\u00edciles, dej\u00f3 una huella imborrable en el Centro Loyola Reina.<\/p>\n\n\n\n<h2 class=\"wp-block-heading\"><strong>El Sentir de la Comunidad<\/strong><\/h2>\n\n\n\n<p>Las despedidas siempre son dif\u00edciles, y esta no fue la excepci\u00f3n. En los pasillos del centro y durante los \u00faltimos d\u00edas, las muestras de cari\u00f1o y gratitud se hicieron sentir. <strong>\u201cLo quiero como a un hijo\u201d<\/strong>, expres\u00f3 emocionada una trabajadora con a\u00f1os en el lugar. <br><br>Otros, conmovidos, resaltaron su cercan\u00eda y liderazgo. <strong>\u201cOrgiel siempre escuch\u00f3 a todos, incluso en los momentos m\u00e1s dif\u00edciles, y todo lo hac\u00eda con amor y servicio\u201d<\/strong>, record\u00f3 un colaborador.<\/p>\n\n\n\n<figure class=\"wp-block-gallery alignwide has-nested-images columns-default is-cropped wp-block-gallery-3 is-layout-flex wp-block-gallery-is-layout-flex\">\n<figure class=\"wp-block-image size-full\"><img loading=\"lazy\" decoding=\"async\" width=\"640\" height=\"537\" data-id=\"5850\" src=\"https:\/\/centrosloyolacuba.org\/loyolareina\/wp-content\/uploads\/2025\/01\/Encuentro-de-Sentir-.webp\" alt=\"\" class=\"wp-image-5850\" srcset=\"https:\/\/centrosloyolacuba.org\/loyolareina\/wp-content\/uploads\/2025\/01\/Encuentro-de-Sentir-.webp 640w, https:\/\/centrosloyolacuba.org\/loyolareina\/wp-content\/uploads\/2025\/01\/Encuentro-de-Sentir--300x252.webp 300w\" sizes=\"(max-width: 640px) 100vw, 640px\" \/><\/figure>\n\n\n\n<figure class=\"wp-block-image size-full\"><img loading=\"lazy\" decoding=\"async\" width=\"640\" height=\"480\" data-id=\"5852\" src=\"https:\/\/centrosloyolacuba.org\/loyolareina\/wp-content\/uploads\/2025\/01\/Encuentro-de-Todo-el-Centro-Loyola-Sentir.webp\" alt=\"\" class=\"wp-image-5852\" srcset=\"https:\/\/centrosloyolacuba.org\/loyolareina\/wp-content\/uploads\/2025\/01\/Encuentro-de-Todo-el-Centro-Loyola-Sentir.webp 640w, https:\/\/centrosloyolacuba.org\/loyolareina\/wp-content\/uploads\/2025\/01\/Encuentro-de-Todo-el-Centro-Loyola-Sentir-300x225.webp 300w\" sizes=\"(max-width: 640px) 100vw, 640px\" \/><\/figure>\n<\/figure>\n\n\n\n<p><br>Su impacto no solo se mide en logros, sino en el amor y respeto que cosech\u00f3 en cada persona que tuvo la dicha de trabajar con \u00e9l o ser beneficiario de sus proyectos.<\/p>\n\n\n\n<h2 class=\"wp-block-heading\"><strong>Nuevos Retos, la Misma Misi\u00f3n<\/strong><\/h2>\n\n\n\n<p>Con la partida de Orgiel, el Centro Loyola Reina inicia una nueva etapa bajo la direcci\u00f3n de la hermana Berglis de las Mercedes Mar\u00edn Glean, de la congregaci\u00f3n de las Hermanas Sociales. Con amplia experiencia como coordinadora del proyecto <strong><a href=\"https:\/\/centrosloyolacuba.org\/loyolareina\/mujeres-de-hoy\/\" target=\"_blank\" rel=\"noreferrer noopener\">Mujeres de Hoy<\/a><\/strong> y como acompa\u00f1ante espiritual del programa <strong><a href=\"https:\/\/centrosloyolacuba.org\/loyolareina\/sentir\/\" target=\"_blank\" rel=\"noreferrer noopener\">Sentir<\/a><\/strong>, Berglis asegura la continuidad del trabajo dedicado en favor de la comunidad.<\/p>\n\n\n\n<figure class=\"wp-block-image aligncenter size-full\"><a href=\"https:\/\/centrosloyolacuba.org\/loyolareina\/wp-content\/uploads\/2025\/01\/Encuentro-con-Colaboradores-02.webp\"><img loading=\"lazy\" decoding=\"async\" width=\"640\" height=\"537\" src=\"https:\/\/centrosloyolacuba.org\/loyolareina\/wp-content\/uploads\/2025\/01\/Encuentro-con-Colaboradores-02.webp\" alt=\"\" class=\"wp-image-5855\" srcset=\"https:\/\/centrosloyolacuba.org\/loyolareina\/wp-content\/uploads\/2025\/01\/Encuentro-con-Colaboradores-02.webp 640w, https:\/\/centrosloyolacuba.org\/loyolareina\/wp-content\/uploads\/2025\/01\/Encuentro-con-Colaboradores-02-300x252.webp 300w\" sizes=\"(max-width: 640px) 100vw, 640px\" \/><\/a><\/figure>\n\n\n\n<h2 class=\"wp-block-heading\"><br><strong>Gracias por Todo, Orgiel<\/strong><\/h2>\n\n\n\n<p>El legado de Orgiel Sanzo Mart\u00edn permanecer\u00e1 vivo en el coraz\u00f3n del Centro Loyola Reina y de todos aquellos que tuvieron la fortuna de conocerlo. Su fe, amor y dedicaci\u00f3n ser\u00e1n recordados como un testimonio de servicio desinteresado.<\/p>\n\n\n\n<p>Gracias, Orgiel, por todo lo que has hecho. Por cada palabra de aliento, cada acto de amor y cada paso dado para mayor gloria de Dios. Tu lugar en el Centro Loyola Reina y en nuestras vidas est\u00e1 asegurado.<\/p>\n\n\n\n<p><strong>A continuaci\u00f3n, compartimos algunos momentos inolvidables de la presencia de Orgiel en las actividades y proyectos del Centro. Loyola Reina en el trascurso del tiempo como director.<\/strong><\/p>\n\n\n\n<hr class=\"wp-block-separator has-alpha-channel-opacity\"\/>\n\n\n\n<figure class=\"wp-block-gallery alignwide has-nested-images columns-default is-cropped wp-block-gallery-4 is-layout-flex wp-block-gallery-is-layout-flex\">\n<figure class=\"wp-block-image size-full\"><img loading=\"lazy\" decoding=\"async\" width=\"480\" height=\"600\" data-id=\"5861\" src=\"https:\/\/centrosloyolacuba.org\/loyolareina\/wp-content\/uploads\/2025\/01\/Actividad-Final-Programa-Educativo.webp\" alt=\"\" class=\"wp-image-5861\" srcset=\"https:\/\/centrosloyolacuba.org\/loyolareina\/wp-content\/uploads\/2025\/01\/Actividad-Final-Programa-Educativo.webp 480w, https:\/\/centrosloyolacuba.org\/loyolareina\/wp-content\/uploads\/2025\/01\/Actividad-Final-Programa-Educativo-240x300.webp 240w\" sizes=\"(max-width: 480px) 100vw, 480px\" \/><\/figure>\n\n\n\n<figure class=\"wp-block-image size-full\"><img loading=\"lazy\" decoding=\"async\" width=\"640\" height=\"427\" data-id=\"5862\" src=\"https:\/\/centrosloyolacuba.org\/loyolareina\/wp-content\/uploads\/2025\/01\/Actividades-con-Otono.webp\" alt=\"\" class=\"wp-image-5862\" srcset=\"https:\/\/centrosloyolacuba.org\/loyolareina\/wp-content\/uploads\/2025\/01\/Actividades-con-Otono.webp 640w, https:\/\/centrosloyolacuba.org\/loyolareina\/wp-content\/uploads\/2025\/01\/Actividades-con-Otono-300x200.webp 300w\" sizes=\"(max-width: 640px) 100vw, 640px\" \/><\/figure>\n\n\n\n<figure class=\"wp-block-image size-large\"><a href=\"https:\/\/centrosloyolacuba.org\/loyolareina\/wp-content\/uploads\/2025\/01\/Actividades-de-Coro-en-teatro-Reina.webp\"><img loading=\"lazy\" decoding=\"async\" width=\"720\" height=\"480\" data-id=\"5863\" src=\"https:\/\/centrosloyolacuba.org\/loyolareina\/wp-content\/uploads\/2025\/01\/Actividades-de-Coro-en-teatro-Reina.webp\" alt=\"\" class=\"wp-image-5863\" srcset=\"https:\/\/centrosloyolacuba.org\/loyolareina\/wp-content\/uploads\/2025\/01\/Actividades-de-Coro-en-teatro-Reina.webp 720w, https:\/\/centrosloyolacuba.org\/loyolareina\/wp-content\/uploads\/2025\/01\/Actividades-de-Coro-en-teatro-Reina-300x200.webp 300w\" sizes=\"(max-width: 720px) 100vw, 720px\" \/><\/a><\/figure>\n\n\n\n<figure class=\"wp-block-image size-large\"><a href=\"https:\/\/centrosloyolacuba.org\/loyolareina\/wp-content\/uploads\/2025\/01\/Festividad-dia-de-las-Madres-2022.webp\"><img loading=\"lazy\" decoding=\"async\" width=\"480\" height=\"320\" data-id=\"5864\" src=\"https:\/\/centrosloyolacuba.org\/loyolareina\/wp-content\/uploads\/2025\/01\/Festividad-dia-de-las-Madres-2022.webp\" alt=\"\" class=\"wp-image-5864\" srcset=\"https:\/\/centrosloyolacuba.org\/loyolareina\/wp-content\/uploads\/2025\/01\/Festividad-dia-de-las-Madres-2022.webp 480w, https:\/\/centrosloyolacuba.org\/loyolareina\/wp-content\/uploads\/2025\/01\/Festividad-dia-de-las-Madres-2022-300x200.webp 300w\" sizes=\"(max-width: 480px) 100vw, 480px\" \/><\/a><\/figure>\n\n\n\n<figure class=\"wp-block-image size-large\"><a href=\"https:\/\/centrosloyolacuba.org\/loyolareina\/wp-content\/uploads\/2025\/01\/MG_0273.webp\"><img loading=\"lazy\" decoding=\"async\" width=\"720\" height=\"480\" data-id=\"5867\" src=\"https:\/\/centrosloyolacuba.org\/loyolareina\/wp-content\/uploads\/2025\/01\/MG_0273.webp\" alt=\"\" class=\"wp-image-5867\" srcset=\"https:\/\/centrosloyolacuba.org\/loyolareina\/wp-content\/uploads\/2025\/01\/MG_0273.webp 720w, https:\/\/centrosloyolacuba.org\/loyolareina\/wp-content\/uploads\/2025\/01\/MG_0273-300x200.webp 300w\" sizes=\"(max-width: 720px) 100vw, 720px\" \/><\/a><\/figure>\n\n\n\n<figure class=\"wp-block-image size-large\"><a href=\"https:\/\/centrosloyolacuba.org\/loyolareina\/wp-content\/uploads\/2025\/01\/Trabajo-para-realizacion-de-la-web-del-Centro-Loyola-.webp\"><img loading=\"lazy\" decoding=\"async\" width=\"720\" height=\"405\" data-id=\"5865\" src=\"https:\/\/centrosloyolacuba.org\/loyolareina\/wp-content\/uploads\/2025\/01\/Trabajo-para-realizacion-de-la-web-del-Centro-Loyola-.webp\" alt=\"\" class=\"wp-image-5865\" srcset=\"https:\/\/centrosloyolacuba.org\/loyolareina\/wp-content\/uploads\/2025\/01\/Trabajo-para-realizacion-de-la-web-del-Centro-Loyola-.webp 720w, https:\/\/centrosloyolacuba.org\/loyolareina\/wp-content\/uploads\/2025\/01\/Trabajo-para-realizacion-de-la-web-del-Centro-Loyola--300x169.webp 300w\" sizes=\"(max-width: 720px) 100vw, 720px\" \/><\/a><\/figure>\n\n\n\n<figure class=\"wp-block-image size-large\"><a href=\"https:\/\/centrosloyolacuba.org\/loyolareina\/wp-content\/uploads\/2025\/01\/Parte-del-Equipo-de-Comunicacion-del-Centro-Loyola-.webp\"><img loading=\"lazy\" decoding=\"async\" width=\"720\" height=\"405\" data-id=\"5866\" src=\"https:\/\/centrosloyolacuba.org\/loyolareina\/wp-content\/uploads\/2025\/01\/Parte-del-Equipo-de-Comunicacion-del-Centro-Loyola-.webp\" alt=\"\" class=\"wp-image-5866\" srcset=\"https:\/\/centrosloyolacuba.org\/loyolareina\/wp-content\/uploads\/2025\/01\/Parte-del-Equipo-de-Comunicacion-del-Centro-Loyola-.webp 720w, https:\/\/centrosloyolacuba.org\/loyolareina\/wp-content\/uploads\/2025\/01\/Parte-del-Equipo-de-Comunicacion-del-Centro-Loyola--300x169.webp 300w\" sizes=\"(max-width: 720px) 100vw, 720px\" \/><\/a><\/figure>\n\n\n\n<figure class=\"wp-block-image size-large\"><a href=\"https:\/\/centrosloyolacuba.org\/loyolareina\/wp-content\/uploads\/2025\/01\/Incuba-Empresas.webp\"><img loading=\"lazy\" decoding=\"async\" width=\"720\" height=\"540\" data-id=\"5868\" src=\"https:\/\/centrosloyolacuba.org\/loyolareina\/wp-content\/uploads\/2025\/01\/Incuba-Empresas.webp\" alt=\"\" class=\"wp-image-5868\" srcset=\"https:\/\/centrosloyolacuba.org\/loyolareina\/wp-content\/uploads\/2025\/01\/Incuba-Empresas.webp 720w, https:\/\/centrosloyolacuba.org\/loyolareina\/wp-content\/uploads\/2025\/01\/Incuba-Empresas-300x225.webp 300w\" sizes=\"(max-width: 720px) 100vw, 720px\" \/><\/a><\/figure>\n\n\n\n<figure class=\"wp-block-image size-large\"><a href=\"https:\/\/centrosloyolacuba.org\/loyolareina\/wp-content\/uploads\/2025\/01\/Encuentro-en-el-Juanelo-2022.jpg\"><img loading=\"lazy\" decoding=\"async\" width=\"640\" height=\"426\" data-id=\"5869\" src=\"https:\/\/centrosloyolacuba.org\/loyolareina\/wp-content\/uploads\/2025\/01\/Encuentro-en-el-Juanelo-2022.jpg\" alt=\"\" class=\"wp-image-5869\" srcset=\"https:\/\/centrosloyolacuba.org\/loyolareina\/wp-content\/uploads\/2025\/01\/Encuentro-en-el-Juanelo-2022.jpg 640w, https:\/\/centrosloyolacuba.org\/loyolareina\/wp-content\/uploads\/2025\/01\/Encuentro-en-el-Juanelo-2022-300x200.jpg 300w\" sizes=\"(max-width: 640px) 100vw, 640px\" \/><\/a><\/figure>\n<\/figure>\n<p>Visitas: 412<\/p>","protected":false},"excerpt":{"rendered":"<p>El pasado viernes 10 de Enero, la comunidad del Centro Loyola Reina se congreg\u00f3 en una emotiva misa de acci\u00f3n de gracias para despedir a Orgiel Sanzo Mart\u00edn. Tras seis a\u00f1os y medio de entrega y liderazgo<\/p>\n","protected":false},"author":3,"featured_media":5831,"comment_status":"open","ping_status":"open","sticky":false,"template":"","format":"standard","meta":{"site-sidebar-layout":"default","site-content-layout":"","ast-site-content-layout":"default","site-content-style":"default","site-sidebar-style":"default","ast-global-header-display":"","ast-banner-title-visibility":"","ast-main-header-display":"","ast-hfb-above-header-display":"","ast-hfb-below-header-display":"","ast-hfb-mobile-header-display":"","site-post-title":"","ast-breadcrumbs-content":"","ast-featured-img":"disabled","footer-sml-layout":"","theme-transparent-header-meta":"","adv-header-id-meta":"","stick-header-meta":"","header-above-stick-meta":"","header-main-stick-meta":"","header-below-stick-meta":"","astra-migrate-meta-layouts":"set","ast-page-background-enabled":"default","ast-page-background-meta":{"desktop":{"background-color":"","background-image":"","background-repeat":"repeat","background-position":"center center","background-size":"auto","background-attachment":"scroll","background-type":"","background-media":"","overlay-type":"","overlay-color":"","overlay-opacity":"","overlay-gradient":""},"tablet":{"background-color":"","background-image":"","background-repeat":"repeat","background-position":"center center","background-size":"auto","background-attachment":"scroll","background-type":"","background-media":"","overlay-type":"","overlay-color":"","overlay-opacity":"","overlay-gradient":""},"mobile":{"background-color":"","background-image":"","background-repeat":"repeat","background-position":"center center","background-size":"auto","background-attachment":"scroll","background-type":"","background-media":"","overlay-type":"","overlay-color":"","overlay-opacity":"","overlay-gradient":""}},"ast-content-background-meta":{"desktop":{"background-color":"var(--ast-global-color-5)","background-image":"","background-repeat":"repeat","background-position":"center center","background-size":"auto","background-attachment":"scroll","background-type":"","background-media":"","overlay-type":"","overlay-color":"","overlay-opacity":"","overlay-gradient":""},"tablet":{"background-color":"var(--ast-global-color-5)","background-image":"","background-repeat":"repeat","background-position":"center center","background-size":"auto","background-attachment":"scroll","background-type":"","background-media":"","overlay-type":"","overlay-color":"","overlay-opacity":"","overlay-gradient":""},"mobile":{"background-color":"var(--ast-global-color-5)","background-image":"","background-repeat":"repeat","background-position":"center center","background-size":"auto","background-attachment":"scroll","background-type":"","background-media":"","overlay-type":"","overlay-color":"","overlay-opacity":"","overlay-gradient":""}},"episode_type":"","audio_file":"","podmotor_file_id":"","podmotor_episode_id":"","cover_image":"","cover_image_id":"","duration":"","filesize":"","filesize_raw":"","date_recorded":"","explicit":"","block":"","itunes_episode_number":"","itunes_title":"","itunes_season_number":"","itunes_episode_type":"","footnotes":""},"categories":[8],"tags":[],"ppma_author":[21],"class_list":["post-5823","post","type-post","status-publish","format-standard","has-post-thumbnail","hentry","category-noticias"],"authors":[{"term_id":21,"user_id":3,"is_guest":0,"slug":"editcomunicador","display_name":"Equipo de Comunicaci\u00f3n","avatar_url":"http:\/\/centrosloyolacuba.org\/loyolareina\/wp-content\/uploads\/2024\/04\/Avatars-Comunicaciones-96x96.webp","0":null,"1":"","2":"","3":"","4":"","5":"","6":"","7":"","8":""}],"rttpg_featured_image_url":{"full":["https:\/\/centrosloyolacuba.org\/loyolareina\/wp-content\/uploads\/2025\/01\/Misa-de-accion-de-gracias-por-la-presencia-de-Orgiel-entre-nosotros.webp",640,480,false],"landscape":["https:\/\/centrosloyolacuba.org\/loyolareina\/wp-content\/uploads\/2025\/01\/Misa-de-accion-de-gracias-por-la-presencia-de-Orgiel-entre-nosotros.webp",640,480,false],"portraits":["https:\/\/centrosloyolacuba.org\/loyolareina\/wp-content\/uploads\/2025\/01\/Misa-de-accion-de-gracias-por-la-presencia-de-Orgiel-entre-nosotros.webp",640,480,false],"thumbnail":["https:\/\/centrosloyolacuba.org\/loyolareina\/wp-content\/uploads\/2025\/01\/Misa-de-accion-de-gracias-por-la-presencia-de-Orgiel-entre-nosotros-150x150.webp",150,150,true],"medium":["https:\/\/centrosloyolacuba.org\/loyolareina\/wp-content\/uploads\/2025\/01\/Misa-de-accion-de-gracias-por-la-presencia-de-Orgiel-entre-nosotros-300x225.webp",300,225,true],"large":["https:\/\/centrosloyolacuba.org\/loyolareina\/wp-content\/uploads\/2025\/01\/Misa-de-accion-de-gracias-por-la-presencia-de-Orgiel-entre-nosotros.webp",640,480,false],"1536x1536":["https:\/\/centrosloyolacuba.org\/loyolareina\/wp-content\/uploads\/2025\/01\/Misa-de-accion-de-gracias-por-la-presencia-de-Orgiel-entre-nosotros.webp",640,480,false],"2048x2048":["https:\/\/centrosloyolacuba.org\/loyolareina\/wp-content\/uploads\/2025\/01\/Misa-de-accion-de-gracias-por-la-presencia-de-Orgiel-entre-nosotros.webp",640,480,false],"bm-post-thumb":["https:\/\/centrosloyolacuba.org\/loyolareina\/wp-content\/uploads\/2025\/01\/Misa-de-accion-de-gracias-por-la-presencia-de-Orgiel-entre-nosotros-250x250.webp",250,250,true],"bm-post-medium":["https:\/\/centrosloyolacuba.org\/loyolareina\/wp-content\/uploads\/2025\/01\/Misa-de-accion-de-gracias-por-la-presencia-de-Orgiel-entre-nosotros-480x250.webp",480,250,true]},"rttpg_author":{"display_name":"Equipo de Comunicaci\u00f3n","author_link":"https:\/\/centrosloyolacuba.org\/loyolareina\/author\/editcomunicador\/"},"rttpg_comment":5,"rttpg_category":"<a href=\"https:\/\/centrosloyolacuba.org\/loyolareina\/category\/noticias\/\" rel=\"category tag\">Noticias<\/a>","rttpg_excerpt":"El pasado viernes 10 de Enero, la comunidad del Centro Loyola Reina se congreg\u00f3 en una emotiva misa de acci\u00f3n de gracias para despedir a Orgiel Sanzo Mart\u00edn. Tras seis a\u00f1os y medio de entrega y liderazgo","_links":{"self":[{"href":"https:\/\/centrosloyolacuba.org\/loyolareina\/wp-json\/wp\/v2\/posts\/5823","targetHints":{"allow":["GET"]}}],"collection":[{"href":"https:\/\/centrosloyolacuba.org\/loyolareina\/wp-json\/wp\/v2\/posts"}],"about":[{"href":"https:\/\/centrosloyolacuba.org\/loyolareina\/wp-json\/wp\/v2\/types\/post"}],"author":[{"embeddable":true,"href":"https:\/\/centrosloyolacuba.org\/loyolareina\/wp-json\/wp\/v2\/users\/3"}],"replies":[{"embeddable":true,"href":"https:\/\/centrosloyolacuba.org\/loyolareina\/wp-json\/wp\/v2\/comments?post=5823"}],"version-history":[{"count":0,"href":"https:\/\/centrosloyolacuba.org\/loyolareina\/wp-json\/wp\/v2\/posts\/5823\/revisions"}],"wp:featuredmedia":[{"embeddable":true,"href":"https:\/\/centrosloyolacuba.org\/loyolareina\/wp-json\/wp\/v2\/media\/5831"}],"wp:attachment":[{"href":"https:\/\/centrosloyolacuba.org\/loyolareina\/wp-json\/wp\/v2\/media?parent=5823"}],"wp:term":[{"taxonomy":"category","embeddable":true,"href":"https:\/\/centrosloyolacuba.org\/loyolareina\/wp-json\/wp\/v2\/categories?post=5823"},{"taxonomy":"post_tag","embeddable":true,"href":"https:\/\/centrosloyolacuba.org\/loyolareina\/wp-json\/wp\/v2\/tags?post=5823"},{"taxonomy":"author","embeddable":true,"href":"https:\/\/centrosloyolacuba.org\/loyolareina\/wp-json\/wp\/v2\/ppma_author?post=5823"}],"curies":[{"name":"wp","href":"https:\/\/api.w.org\/{rel}","templated":true}]}}