{"id":10391,"date":"2026-05-01T07:45:53","date_gmt":"2026-05-01T12:45:53","guid":{"rendered":"https:\/\/centrosloyolacuba.org\/loyolareina\/?p=10391"},"modified":"2026-05-01T09:03:50","modified_gmt":"2026-05-01T14:03:50","slug":"praxis-comunitaria-del-centro-loyola-reina-academia-cuba","status":"publish","type":"post","link":"https:\/\/centrosloyolacuba.org\/loyolareina\/praxis-comunitaria-del-centro-loyola-reina-academia-cuba\/","title":{"rendered":"Praxis comunitaria Centro Loyola Reina: Impactante v\u00ednculo con la academia en Cuba"},"content":{"rendered":"\n<p>El <strong><a href=\"https:\/\/centrosloyolacuba.org\/loyolareina\/\" target=\"_blank\" rel=\"noreferrer noopener\">Centro Loyola Reina<\/a><\/strong> desarrolla una praxis comunitaria que hoy cobra especial relevancia en contextos de crisis, donde la academia corre el riesgo de desconectarse de las realidades sociales que pretende transformar. En Cuba, esta tensi\u00f3n se acent\u00faa debido a la precariedad econ\u00f3mica, la migraci\u00f3n de profesionales y la escasez de recursos b\u00e1sicos. En este escenario, la <strong>praxis comunitaria Centro Loyola Reina<\/strong> se posiciona como un puente entre el conocimiento acad\u00e9mico y la vida cotidiana.<\/p>\n\n\n\n<figure class=\"wp-block-image aligncenter size-full\"><a href=\"http:\/\/centrosloyolacuba.org\/loyolareina\/wp-content\/uploads\/2026\/05\/praxis-comunitaria-centro-loyola-reina.webp\"><img fetchpriority=\"high\" decoding=\"async\" width=\"850\" height=\"638\" src=\"http:\/\/centrosloyolacuba.org\/loyolareina\/wp-content\/uploads\/2026\/05\/praxis-comunitaria-centro-loyola-reina.webp\" alt=\"praxis comunitaria centro loyola reina\" class=\"wp-image-10418\" srcset=\"https:\/\/centrosloyolacuba.org\/loyolareina\/wp-content\/uploads\/2026\/05\/praxis-comunitaria-centro-loyola-reina.webp 850w, https:\/\/centrosloyolacuba.org\/loyolareina\/wp-content\/uploads\/2026\/05\/praxis-comunitaria-centro-loyola-reina-300x225.webp 300w, https:\/\/centrosloyolacuba.org\/loyolareina\/wp-content\/uploads\/2026\/05\/praxis-comunitaria-centro-loyola-reina-768x576.webp 768w\" sizes=\"(max-width: 850px) 100vw, 850px\" \/><\/a><\/figure>\n\n\n\n<p>La participaci\u00f3n del <strong><a href=\"https:\/\/centrosloyolacuba.org\/loyolareina\/\" target=\"_blank\" rel=\"noreferrer noopener\">Centro Loyola Reina<\/a><\/strong> en eventos como la <strong><a href=\"https:\/\/www.hominiscuba.com\/\" target=\"_blank\" rel=\"noreferrer noopener\">X Convenci\u00f3n Intercontinental de Psicolog\u00eda HOMINIS 2026<\/a><\/strong> y el encuentro Sinergia 2026 demuestra c\u00f3mo la intervenci\u00f3n socioeducativa puede dialogar con la academia, enriquecerla y aportar soluciones desde la pr\u00e1ctica.<\/p>\n\n\n\n<h2 class=\"wp-block-heading\">Centro Loyola Reina en HOMINIS 2026: praxis comunitaria y academia<\/h2>\n\n\n\n<p>\u00a0La X Convenci\u00f3n Intercontinental de <strong><a href=\"https:\/\/www.hominiscuba.com\/\" target=\"_blank\" rel=\"noreferrer noopener\">Psicolog\u00eda HOMINIS 2026<\/a><\/strong>, celebrada en La Habana, reuni\u00f3 a cientos de profesionales de diversos pa\u00edses en un espacio de intercambio cient\u00edfico. Bajo el lema de desafiar fronteras para transformar el presente, el evento sirvi\u00f3 como plataforma para conectar teor\u00eda y pr\u00e1ctica.<\/p>\n\n\n\n<figure class=\"wp-block-image aligncenter size-full\"><a href=\"https:\/\/centrosloyolacuba.org\/loyolareina\/wp-content\/uploads\/2026\/05\/praxis-comunitaria-centro-loyola-reina05.webp\"><img decoding=\"async\" width=\"1020\" height=\"765\" src=\"https:\/\/centrosloyolacuba.org\/loyolareina\/wp-content\/uploads\/2026\/05\/praxis-comunitaria-centro-loyola-reina05.webp\" alt=\"\" class=\"wp-image-10431\" srcset=\"https:\/\/centrosloyolacuba.org\/loyolareina\/wp-content\/uploads\/2026\/05\/praxis-comunitaria-centro-loyola-reina05.webp 1020w, https:\/\/centrosloyolacuba.org\/loyolareina\/wp-content\/uploads\/2026\/05\/praxis-comunitaria-centro-loyola-reina05-300x225.webp 300w, https:\/\/centrosloyolacuba.org\/loyolareina\/wp-content\/uploads\/2026\/05\/praxis-comunitaria-centro-loyola-reina05-768x576.webp 768w\" sizes=\"(max-width: 1020px) 100vw, 1020px\" \/><\/a><\/figure>\n\n\n\n<p>En este contexto, la <strong>praxis comunitaria Centro Loyola Reina<\/strong> se hizo visible a trav\u00e9s de cinco trabajos cient\u00edficos vinculados a proyectos socioeducativos clave:<\/p>\n\n\n\n<ul class=\"wp-block-list\">\n<li>Simposio: <strong><a href=\"https:\/\/centrosloyolacuba.org\/loyolareina\/convivir-acompanando-a-emprender\/\" target=\"_blank\" rel=\"noreferrer noopener\">Proyecto Convivir<\/a><\/strong>: experiencias pr\u00e1cticas para la educaci\u00f3n en emprendimiento.\u00a0<\/li>\n\n\n\n<li>&#8211; Ponencia libre: <strong><a href=\"https:\/\/centrosloyolacuba.org\/loyolareina\/mujeres-de-hoy\/\" target=\"_blank\" rel=\"noreferrer noopener\">Proyecto Mujeres de Hoy<\/a><\/strong>: desde el emprendimiento hacia el bienestar.\u00a0<\/li>\n\n\n\n<li>&#8211; Ponencia libre: <strong><a href=\"https:\/\/centrosloyolacuba.org\/loyolareina\/otono\/\" target=\"_blank\" rel=\"noreferrer noopener\">Proyecto Oto\u00f1o<\/a><\/strong>: experiencia local de buenas pr\u00e1cticas con adultos mayores en la comunidad de Los Sitios.\u00a0<\/li>\n\n\n\n<li>&#8211; Carteles digitales:Dos investigaciones del equipo de investigaci\u00f3n del Centro, cuyos t\u00edtulos son: \u201cEmprendimiento social, innovaci\u00f3n y creaci\u00f3n de valor social en emprendimientos asociados al Centro Loyola Reina\u201d y \u201cEducaci\u00f3n emprendedora para la transformaci\u00f3n social\u201d<\/li>\n<\/ul>\n\n\n\n<p>Estas iniciativas reflejan c\u00f3mo la intervenci\u00f3n comunitaria se traduce en acciones concretas con ni\u00f1os, adolescentes, mujeres y adultos mayores, integrando metodolog\u00edas claras y resultados medibles.<\/p>\n\n\n\n<h2 class=\"wp-block-heading\">Diversidad de acciones y enfoque social\u00a0<\/h2>\n\n\n\n<p>Uno de los aspectos m\u00e1s relevantes fue la diversidad de p\u00fablicos atendidos. Desde la educaci\u00f3n emprendedora en j\u00f3venes hasta el acompa\u00f1amiento a adultos mayores, el Centro Loyola Reina demuestra que la intervenci\u00f3n socioeducativa puede adaptarse a distintos contextos y necesidades.<\/p>\n\n\n\n<figure class=\"wp-block-image aligncenter size-full\"><a href=\"http:\/\/centrosloyolacuba.org\/loyolareina\/wp-content\/uploads\/2026\/05\/praxis-comunitaria-centro-loyola-reina02.webp\"><img decoding=\"async\" width=\"850\" height=\"638\" src=\"http:\/\/centrosloyolacuba.org\/loyolareina\/wp-content\/uploads\/2026\/05\/praxis-comunitaria-centro-loyola-reina02.webp\" alt=\"praxis comunitaria centro loyola reina\" class=\"wp-image-10420\" srcset=\"https:\/\/centrosloyolacuba.org\/loyolareina\/wp-content\/uploads\/2026\/05\/praxis-comunitaria-centro-loyola-reina02.webp 850w, https:\/\/centrosloyolacuba.org\/loyolareina\/wp-content\/uploads\/2026\/05\/praxis-comunitaria-centro-loyola-reina02-300x225.webp 300w, https:\/\/centrosloyolacuba.org\/loyolareina\/wp-content\/uploads\/2026\/05\/praxis-comunitaria-centro-loyola-reina02-768x576.webp 768w\" sizes=\"(max-width: 850px) 100vw, 850px\" \/><\/a><\/figure>\n\n\n\n<p>Adem\u00e1s, los resultados presentados en HOMINIS evidencian que la praxis comunitaria Centro Loyola Reina genera valor social, fomenta la inclusi\u00f3n y fortalece capacidades en comunidades vulnerables. Esto refuerza la idea de que la academia se enriquece cuando integra experiencias reales.<\/p>\n\n\n\n<h2 class=\"wp-block-heading\">Sinergia 2026 y la inclusi\u00f3n<\/h2>\n\n\n\n<p>Previo a HOMINIS, el Centro particip\u00f3 en Sinergia 2026, un espacio centrado en la neurodiversidad y el acompa\u00f1amiento a personas con autismo. All\u00ed se present\u00f3 el Proyecto Convivir, destacando la importancia de la educaci\u00f3n inclusiva y el acompa\u00f1amiento personalizado.<\/p>\n\n\n\n<p>La participaci\u00f3n permiti\u00f3 visibilizar c\u00f3mo la praxis comunitaria Centro Loyola Reina tambi\u00e9n se extiende a escenarios especializados, aportando herramientas pr\u00e1cticas y enfoques humanos a desaf\u00edos complejos.<\/p>\n\n\n\n<h2 class=\"wp-block-heading\">Praxis comunitaria y futuro de la academia en Cuba<\/h2>\n\n\n\n<p>La participaci\u00f3n en HOMINIS y Sinergia reafirma que la <strong>praxis comunitaria Centro Loyola Reina<\/strong> no es un complemento, sino una v\u00eda esencial para repensar la relaci\u00f3n entre conocimiento y realidad social. En un contexto donde la academia puede alejarse de lo cotidiano, experiencias como estas demuestran que el v\u00ednculo con la comunidad fortalece la producci\u00f3n cient\u00edfica.<\/p>\n\n\n\n<figure class=\"wp-block-image aligncenter size-full\"><a href=\"http:\/\/centrosloyolacuba.org\/loyolareina\/wp-content\/uploads\/2026\/05\/praxis-comunitaria-centro-loyola-reina03.webp\"><img loading=\"lazy\" decoding=\"async\" width=\"1024\" height=\"577\" src=\"http:\/\/centrosloyolacuba.org\/loyolareina\/wp-content\/uploads\/2026\/05\/praxis-comunitaria-centro-loyola-reina03.webp\" alt=\"praxis-comunitaria-centro-loyola-reina\" class=\"wp-image-10429\" srcset=\"https:\/\/centrosloyolacuba.org\/loyolareina\/wp-content\/uploads\/2026\/05\/praxis-comunitaria-centro-loyola-reina03.webp 1024w, https:\/\/centrosloyolacuba.org\/loyolareina\/wp-content\/uploads\/2026\/05\/praxis-comunitaria-centro-loyola-reina03-300x169.webp 300w, https:\/\/centrosloyolacuba.org\/loyolareina\/wp-content\/uploads\/2026\/05\/praxis-comunitaria-centro-loyola-reina03-768x433.webp 768w\" sizes=\"(max-width: 1024px) 100vw, 1024px\" \/><\/a><\/figure>\n\n\n\n<p>El <strong><a href=\"https:\/\/centrosloyolacuba.org\/loyolareina\/\" target=\"_blank\" rel=\"noreferrer noopener\">Centro Loyola Reina<\/a><\/strong> evidencia que la intervenci\u00f3n socioeducativa, cuando se sistematiza y se comparte, trasciende el \u00e1mbito local y aporta a debates globales. As\u00ed, su praxis comunitaria se consolida como un referente de transformaci\u00f3n social y de articulaci\u00f3n efectiva entre academia y comunidad en Cuba.<\/p>\n<p>Visitas: 21<\/p>","protected":false},"excerpt":{"rendered":"<p>El Centro Loyola Reina desarrolla una praxis comunitaria que hoy cobra especial relevancia en contextos de crisis&#8230;<\/p>\n","protected":false},"author":3,"featured_media":10425,"comment_status":"open","ping_status":"open","sticky":false,"template":"","format":"standard","meta":{"site-sidebar-layout":"default","site-content-layout":"","ast-site-content-layout":"default","site-content-style":"default","site-sidebar-style":"default","ast-global-header-display":"","ast-banner-title-visibility":"","ast-main-header-display":"","ast-hfb-above-header-display":"","ast-hfb-below-header-display":"","ast-hfb-mobile-header-display":"","site-post-title":"","ast-breadcrumbs-content":"","ast-featured-img":"disabled","footer-sml-layout":"","theme-transparent-header-meta":"","adv-header-id-meta":"","stick-header-meta":"","header-above-stick-meta":"","header-main-stick-meta":"","header-below-stick-meta":"","astra-migrate-meta-layouts":"set","ast-page-background-enabled":"default","ast-page-background-meta":{"desktop":{"background-color":"","background-image":"","background-repeat":"repeat","background-position":"center center","background-size":"auto","background-attachment":"scroll","background-type":"","background-media":"","overlay-type":"","overlay-color":"","overlay-opacity":"","overlay-gradient":""},"tablet":{"background-color":"","background-image":"","background-repeat":"repeat","background-position":"center center","background-size":"auto","background-attachment":"scroll","background-type":"","background-media":"","overlay-type":"","overlay-color":"","overlay-opacity":"","overlay-gradient":""},"mobile":{"background-color":"","background-image":"","background-repeat":"repeat","background-position":"center center","background-size":"auto","background-attachment":"scroll","background-type":"","background-media":"","overlay-type":"","overlay-color":"","overlay-opacity":"","overlay-gradient":""}},"ast-content-background-meta":{"desktop":{"background-color":"var(--ast-global-color-5)","background-image":"","background-repeat":"repeat","background-position":"center center","background-size":"auto","background-attachment":"scroll","background-type":"","background-media":"","overlay-type":"","overlay-color":"","overlay-opacity":"","overlay-gradient":""},"tablet":{"background-color":"var(--ast-global-color-5)","background-image":"","background-repeat":"repeat","background-position":"center center","background-size":"auto","background-attachment":"scroll","background-type":"","background-media":"","overlay-type":"","overlay-color":"","overlay-opacity":"","overlay-gradient":""},"mobile":{"background-color":"var(--ast-global-color-5)","background-image":"","background-repeat":"repeat","background-position":"center center","background-size":"auto","background-attachment":"scroll","background-type":"","background-media":"","overlay-type":"","overlay-color":"","overlay-opacity":"","overlay-gradient":""}},"episode_type":"","audio_file":"","podmotor_file_id":"","podmotor_episode_id":"","cover_image":"","cover_image_id":"","duration":"","filesize":"","filesize_raw":"","date_recorded":"","explicit":"","block":"","itunes_episode_number":"","itunes_title":"","itunes_season_number":"","itunes_episode_type":"","footnotes":""},"categories":[8],"tags":[],"ppma_author":[21],"class_list":["post-10391","post","type-post","status-publish","format-standard","has-post-thumbnail","hentry","category-noticias"],"authors":[{"term_id":21,"user_id":3,"is_guest":0,"slug":"editcomunicador","display_name":"Equipo de Comunicaci\u00f3n","avatar_url":"http:\/\/centrosloyolacuba.org\/loyolareina\/wp-content\/uploads\/2024\/04\/Avatars-Comunicaciones-96x96.webp","0":null,"1":"","2":"","3":"","4":"","5":"","6":"","7":"","8":""}],"rttpg_featured_image_url":{"full":["https:\/\/centrosloyolacuba.org\/loyolareina\/wp-content\/uploads\/2026\/05\/praxis-comunitaria-centro-loyola-reina04.webp",480,270,false],"landscape":["https:\/\/centrosloyolacuba.org\/loyolareina\/wp-content\/uploads\/2026\/05\/praxis-comunitaria-centro-loyola-reina04.webp",480,270,false],"portraits":["https:\/\/centrosloyolacuba.org\/loyolareina\/wp-content\/uploads\/2026\/05\/praxis-comunitaria-centro-loyola-reina04.webp",480,270,false],"thumbnail":["https:\/\/centrosloyolacuba.org\/loyolareina\/wp-content\/uploads\/2026\/05\/praxis-comunitaria-centro-loyola-reina04-150x150.webp",150,150,true],"medium":["https:\/\/centrosloyolacuba.org\/loyolareina\/wp-content\/uploads\/2026\/05\/praxis-comunitaria-centro-loyola-reina04-300x169.webp",300,169,true],"large":["https:\/\/centrosloyolacuba.org\/loyolareina\/wp-content\/uploads\/2026\/05\/praxis-comunitaria-centro-loyola-reina04.webp",480,270,false],"1536x1536":["https:\/\/centrosloyolacuba.org\/loyolareina\/wp-content\/uploads\/2026\/05\/praxis-comunitaria-centro-loyola-reina04.webp",480,270,false],"2048x2048":["https:\/\/centrosloyolacuba.org\/loyolareina\/wp-content\/uploads\/2026\/05\/praxis-comunitaria-centro-loyola-reina04.webp",480,270,false],"bm-post-thumb":["https:\/\/centrosloyolacuba.org\/loyolareina\/wp-content\/uploads\/2026\/05\/praxis-comunitaria-centro-loyola-reina04-250x250.webp",250,250,true],"bm-post-medium":["https:\/\/centrosloyolacuba.org\/loyolareina\/wp-content\/uploads\/2026\/05\/praxis-comunitaria-centro-loyola-reina04-480x250.webp",480,250,true]},"rttpg_author":{"display_name":"Equipo de Comunicaci\u00f3n","author_link":"https:\/\/centrosloyolacuba.org\/loyolareina\/author\/editcomunicador\/"},"rttpg_comment":0,"rttpg_category":"<a href=\"https:\/\/centrosloyolacuba.org\/loyolareina\/category\/noticias\/\" rel=\"category tag\">Noticias<\/a>","rttpg_excerpt":"El Centro Loyola Reina desarrolla una praxis comunitaria que hoy cobra especial relevancia en contextos de crisis...","_links":{"self":[{"href":"https:\/\/centrosloyolacuba.org\/loyolareina\/wp-json\/wp\/v2\/posts\/10391","targetHints":{"allow":["GET"]}}],"collection":[{"href":"https:\/\/centrosloyolacuba.org\/loyolareina\/wp-json\/wp\/v2\/posts"}],"about":[{"href":"https:\/\/centrosloyolacuba.org\/loyolareina\/wp-json\/wp\/v2\/types\/post"}],"author":[{"embeddable":true,"href":"https:\/\/centrosloyolacuba.org\/loyolareina\/wp-json\/wp\/v2\/users\/3"}],"replies":[{"embeddable":true,"href":"https:\/\/centrosloyolacuba.org\/loyolareina\/wp-json\/wp\/v2\/comments?post=10391"}],"version-history":[{"count":23,"href":"https:\/\/centrosloyolacuba.org\/loyolareina\/wp-json\/wp\/v2\/posts\/10391\/revisions"}],"predecessor-version":[{"id":10433,"href":"https:\/\/centrosloyolacuba.org\/loyolareina\/wp-json\/wp\/v2\/posts\/10391\/revisions\/10433"}],"wp:featuredmedia":[{"embeddable":true,"href":"https:\/\/centrosloyolacuba.org\/loyolareina\/wp-json\/wp\/v2\/media\/10425"}],"wp:attachment":[{"href":"https:\/\/centrosloyolacuba.org\/loyolareina\/wp-json\/wp\/v2\/media?parent=10391"}],"wp:term":[{"taxonomy":"category","embeddable":true,"href":"https:\/\/centrosloyolacuba.org\/loyolareina\/wp-json\/wp\/v2\/categories?post=10391"},{"taxonomy":"post_tag","embeddable":true,"href":"https:\/\/centrosloyolacuba.org\/loyolareina\/wp-json\/wp\/v2\/tags?post=10391"},{"taxonomy":"author","embeddable":true,"href":"https:\/\/centrosloyolacuba.org\/loyolareina\/wp-json\/wp\/v2\/ppma_author?post=10391"}],"curies":[{"name":"wp","href":"https:\/\/api.w.org\/{rel}","templated":true}]}}