{"id":10342,"date":"2026-04-30T11:36:24","date_gmt":"2026-04-30T16:36:24","guid":{"rendered":"https:\/\/centrosloyolacuba.org\/loyolareina\/?p=10342"},"modified":"2026-04-30T15:35:57","modified_gmt":"2026-04-30T20:35:57","slug":"envejecimiento-activo-y-saludable","status":"publish","type":"post","link":"https:\/\/centrosloyolacuba.org\/loyolareina\/envejecimiento-activo-y-saludable\/","title":{"rendered":"Oto\u00f1o y el exitoso envejecimiento activo y saludable en el Centro Loyola Reina"},"content":{"rendered":"\n<p>La jornada de evaluaci\u00f3n del proyecto Oto\u00f1o tuvo lugar el 27 de abril en la <strong><a href=\"https:\/\/www.google.com\/url?sa=t&amp;source=web&amp;rct=j&amp;opi=89978449&amp;url=https:\/\/www.facebook.com\/100090525351347\/mentions\/&amp;ved=2ahUKEwiKguOSqZaUAxWA6ckDHQ5KIFMQFnoECEQQAQ&amp;usg=AOvVaw2Qs9jG0Raqo_wtWE7thZ7w\" target=\"_blank\" rel=\"noreferrer noopener\">Casa Sacerdotal<\/a><\/strong>, un lugar que bien puede describirse como un oasis de acogida, hospitalidad y quietud. All\u00ed se reunieron colaboradores, facilitadores, la directiva del <strong><a href=\"https:\/\/centrosloyolacuba.org\/loyolareina\/\" target=\"_blank\" rel=\"noreferrer noopener\">Centro Loyola<\/a><\/strong> y miembros del equipo de gesti\u00f3n para compartir no solo el balance del per\u00edodo comprendido entre mayo de 2025 y abril de 2026, sino tambi\u00e9n la memoria agradecida de una iniciativa que, desde hace a\u00f1os, acompa\u00f1a a las personas mayores en procesos de bienestar, participaci\u00f3n y crecimiento.<\/p>\n\n\n\n<figure class=\"wp-block-image aligncenter size-full\"><a href=\"http:\/\/centrosloyolacuba.org\/loyolareina\/wp-content\/uploads\/2026\/04\/envejecimiento-activo-y-saludable05.webp\"><img fetchpriority=\"high\" decoding=\"async\" width=\"850\" height=\"638\" src=\"http:\/\/centrosloyolacuba.org\/loyolareina\/wp-content\/uploads\/2026\/04\/envejecimiento-activo-y-saludable05.webp\" alt=\"envejecimiento-activo-y-saludable\" class=\"wp-image-10374\" srcset=\"https:\/\/centrosloyolacuba.org\/loyolareina\/wp-content\/uploads\/2026\/04\/envejecimiento-activo-y-saludable05.webp 850w, https:\/\/centrosloyolacuba.org\/loyolareina\/wp-content\/uploads\/2026\/04\/envejecimiento-activo-y-saludable05-300x225.webp 300w, https:\/\/centrosloyolacuba.org\/loyolareina\/wp-content\/uploads\/2026\/04\/envejecimiento-activo-y-saludable05-768x576.webp 768w\" sizes=\"(max-width: 850px) 100vw, 850px\" \/><\/a><\/figure>\n\n\n\n<p>M\u00e1s que un cierre de etapa, el encuentro fue tambi\u00e9n una celebraci\u00f3n del camino recorrido. Oto\u00f1o se ha consolidado como un proyecto que promueve el envejecimiento activo y saludable, con propuestas que abarcan desde el bienestar f\u00edsico y emocional hasta la formaci\u00f3n para la vida cotidiana y el impulso de peque\u00f1as iniciativas emprendedoras. En sus talleres confluyen pr\u00e1cticas como Pilates, Tai Chi, automasajes, computaci\u00f3n, celulares, arte y emprendimiento, todas pensadas para fortalecer capacidades, autonom\u00eda y v\u00ednculos.<\/p>\n\n\n\n<figure class=\"wp-block-gallery has-nested-images columns-default is-cropped wp-block-gallery-1 is-layout-flex wp-block-gallery-is-layout-flex\">\n<figure class=\"wp-block-image size-large\"><a href=\"https:\/\/centrosloyolacuba.org\/loyolareina\/wp-content\/uploads\/2026\/04\/envejecimiento-activo-y-saludable04.webp\"><img decoding=\"async\" width=\"850\" height=\"638\" data-id=\"10376\" src=\"https:\/\/centrosloyolacuba.org\/loyolareina\/wp-content\/uploads\/2026\/04\/envejecimiento-activo-y-saludable04.webp\" alt=\"\" class=\"wp-image-10376\" srcset=\"https:\/\/centrosloyolacuba.org\/loyolareina\/wp-content\/uploads\/2026\/04\/envejecimiento-activo-y-saludable04.webp 850w, https:\/\/centrosloyolacuba.org\/loyolareina\/wp-content\/uploads\/2026\/04\/envejecimiento-activo-y-saludable04-300x225.webp 300w, https:\/\/centrosloyolacuba.org\/loyolareina\/wp-content\/uploads\/2026\/04\/envejecimiento-activo-y-saludable04-768x576.webp 768w\" sizes=\"(max-width: 850px) 100vw, 850px\" \/><\/a><\/figure>\n\n\n\n<figure class=\"wp-block-image size-large\"><a href=\"https:\/\/centrosloyolacuba.org\/loyolareina\/wp-content\/uploads\/2026\/04\/envejecimiento-activo-y-saludable03.webp\"><img decoding=\"async\" width=\"850\" height=\"638\" data-id=\"10377\" src=\"https:\/\/centrosloyolacuba.org\/loyolareina\/wp-content\/uploads\/2026\/04\/envejecimiento-activo-y-saludable03.webp\" alt=\"\" class=\"wp-image-10377\" srcset=\"https:\/\/centrosloyolacuba.org\/loyolareina\/wp-content\/uploads\/2026\/04\/envejecimiento-activo-y-saludable03.webp 850w, https:\/\/centrosloyolacuba.org\/loyolareina\/wp-content\/uploads\/2026\/04\/envejecimiento-activo-y-saludable03-300x225.webp 300w, https:\/\/centrosloyolacuba.org\/loyolareina\/wp-content\/uploads\/2026\/04\/envejecimiento-activo-y-saludable03-768x576.webp 768w\" sizes=\"(max-width: 850px) 100vw, 850px\" \/><\/a><\/figure>\n<\/figure>\n\n\n\n<p><br>La jornada transcurri\u00f3 en un clima de reflexi\u00f3n y reconocimiento. A lo largo del encuentro, los participantes fueron compartiendo valoraciones sobre lo vivido durante el per\u00edodo evaluado, destacando el valor de los espacios de acompa\u00f1amiento, la constancia de los talleres y el impacto que estos tienen en la vida cotidiana de las personas mayores. No se trat\u00f3 solo de revisar resultados, sino de mirar con atenci\u00f3n un proceso que ha sabido sostenerse en el tiempo y responder a necesidades reales.<\/p>\n\n\n\n<h2 class=\"wp-block-heading\"> Carlos, uno de los fundadores que sigue acompa\u00f1ando el proyecto.<\/h2>\n\n\n\n<p>En la memoria de Oto\u00f1o ocupa un lugar especial el profe Carlos, uno de sus fundadores y una presencia que a\u00fan hoy acompa\u00f1a el proyecto con cercan\u00eda y compromiso. Fue \u00e9l quien, junto a otras personas, ayud\u00f3 a darle forma a esta iniciativa que naci\u00f3 alrededor de 2014 y que poco a poco fue tomando identidad propia dentro del Centro Loyola Reina.<\/p>\n\n\n\n<figure class=\"wp-block-image aligncenter size-full\"><a href=\"http:\/\/centrosloyolacuba.org\/loyolareina\/wp-content\/uploads\/2026\/04\/envejecimiento-activo-y-saludable02.webp\"><img loading=\"lazy\" decoding=\"async\" width=\"850\" height=\"638\" src=\"http:\/\/centrosloyolacuba.org\/loyolareina\/wp-content\/uploads\/2026\/04\/envejecimiento-activo-y-saludable02.webp\" alt=\"envejecimiento activo y saludable\" class=\"wp-image-10370\" srcset=\"https:\/\/centrosloyolacuba.org\/loyolareina\/wp-content\/uploads\/2026\/04\/envejecimiento-activo-y-saludable02.webp 850w, https:\/\/centrosloyolacuba.org\/loyolareina\/wp-content\/uploads\/2026\/04\/envejecimiento-activo-y-saludable02-300x225.webp 300w, https:\/\/centrosloyolacuba.org\/loyolareina\/wp-content\/uploads\/2026\/04\/envejecimiento-activo-y-saludable02-768x576.webp 768w\" sizes=\"(max-width: 850px) 100vw, 850px\" \/><\/a><\/figure>\n\n\n\n<p><br>Carlos ha sido testigo de los primeros pasos y del crecimiento sostenido de Oto\u00f1o, un espacio que comenz\u00f3 como respuesta a una necesidad concreta y que con el tiempo se convirti\u00f3 en uno de los programas fundadores del centro. Su permanencia en el equipo le da a esta historia una continuidad valiosa, porque permite ver que Oto\u00f1o no solo naci\u00f3, sino que ha sabido sostenerse, renovarse y seguir abriendo caminos para las personas mayores.<\/p>\n\n\n\n<p>Durante su intervenci\u00f3n, qued\u00f3 claro que el proyecto no ha perdido su sentido inicial: ofrecer un lugar donde la adultez mayor pueda vivirse con dignidad, acompa\u00f1amiento y posibilidad de seguir aprendiendo. Esa mirada, que combina experiencia, sensibilidad y compromiso, ha sido una de las claves para que Oto\u00f1o siga siendo un espacio vivo dentro del Centro Loyola Reina.<\/p>\n\n\n\n<h2 class=\"wp-block-heading\">Una comunidad que se reconoce<\/h2>\n\n\n\n<p>Uno de los momentos m\u00e1s valiosos de la jornada fue el intercambio entre colaboradores, facilitadores y participantes, quienes compartieron impresiones sobre los avances, desaf\u00edos y aprendizajes del \u00faltimo a\u00f1o. En ese ejercicio colectivo, Oto\u00f1o apareci\u00f3 no solo como un programa de talleres, sino como una comunidad que se reconoce en la escucha, el cuidado y la participaci\u00f3n.<\/p>\n\n\n\n<figure class=\"wp-block-image aligncenter size-full\"><a href=\"https:\/\/centrosloyolacuba.org\/loyolareina\/wp-content\/uploads\/2026\/04\/envejecimiento-activo-y-saludable.webp\"><img loading=\"lazy\" decoding=\"async\" width=\"850\" height=\"638\" src=\"https:\/\/centrosloyolacuba.org\/loyolareina\/wp-content\/uploads\/2026\/04\/envejecimiento-activo-y-saludable.webp\" alt=\"\" class=\"wp-image-10352\" srcset=\"https:\/\/centrosloyolacuba.org\/loyolareina\/wp-content\/uploads\/2026\/04\/envejecimiento-activo-y-saludable.webp 850w, https:\/\/centrosloyolacuba.org\/loyolareina\/wp-content\/uploads\/2026\/04\/envejecimiento-activo-y-saludable-300x225.webp 300w, https:\/\/centrosloyolacuba.org\/loyolareina\/wp-content\/uploads\/2026\/04\/envejecimiento-activo-y-saludable-768x576.webp 768w\" sizes=\"(max-width: 850px) 100vw, 850px\" \/><\/a><\/figure>\n\n\n\n<p>La evaluaci\u00f3n permiti\u00f3 tambi\u00e9n poner en palabras algo que se percibe con claridad en el d\u00eda a d\u00eda: el valor de acompa\u00f1ar a las personas mayores desde una perspectiva integral. No se trata \u00fanicamente de promover actividad f\u00edsica o recreaci\u00f3n, sino de cuidar tambi\u00e9n la dimensi\u00f3n emocional, cognitiva y social. Por eso, cada taller, cada encuentro y cada ejercicio de convivencia tienen una importancia concreta en la construcci\u00f3n de bienestar.<\/p>\n\n\n\n<p>A ello se suma la posibilidad de emprender, de aprender nuevas habilidades y de mantenerse activo en un entorno que estimula la creatividad y la autonom\u00eda. Esa combinaci\u00f3n entre formaci\u00f3n, cuidado y participaci\u00f3n es parte esencial de la identidad de Oto\u00f1o y explica por qu\u00e9 tantas personas encuentran en \u00e9l un espacio de confianza.<\/p>\n\n\n\n<h2 class=\"wp-block-heading\">Testimonios que confirman el impacto<\/h2>\n\n\n\n<p>El alcance del proyecto tambi\u00e9n puede apreciarse en la voz de sus propios beneficiarios. En el canal de YouTube del Centro Loyola est\u00e1n disponibles dos videos en los que varias personas del proyecto Oto\u00f1o comparten c\u00f3mo se sienten en este espacio y cu\u00e1nto valoran el acompa\u00f1amiento que reciben. Sus palabras confirman lo que la jornada dej\u00f3 ver: que este proyecto no solo ofrece actividades, sino tambi\u00e9n compa\u00f1\u00eda, \u00e1nimo y sentido de pertenencia.<\/p>\n\n\n\n<figure class=\"wp-block-embed is-type-video is-provider-youtube wp-block-embed-youtube wp-embed-aspect-16-9 wp-has-aspect-ratio\"><div class=\"wp-block-embed__wrapper\">\n<div class=\"ast-oembed-container \" style=\"height: 100%;\"><iframe title=\"M\u00e1s que a\u00f1os, somos vida | Un a\u00f1o de encuentros y crecer en el Proyecto Oto\u00f1o - Centro Loyola Reina\" width=\"500\" height=\"281\" src=\"https:\/\/www.youtube.com\/embed\/fu3XKWX44Dg?start=4&#038;feature=oembed\" frameborder=\"0\" allow=\"accelerometer; autoplay; clipboard-write; encrypted-media; gyroscope; picture-in-picture; web-share\" referrerpolicy=\"strict-origin-when-cross-origin\" allowfullscreen><\/iframe><\/div>\n<\/div><\/figure>\n\n\n\n<p><br>Estos testimonios enriquecen la mirada sobre Oto\u00f1o porque muestran el rostro humano de la experiencia. Hablan de bienestar, de motivaci\u00f3n y de un ambiente donde cada persona se siente acogida. Y justamente ah\u00ed radica una de las mayores fortalezas del proyecto: en su capacidad de hacer sentir a las personas mayores parte activa de una comunidad que las escucha y las valora.<\/p>\n\n\n\n<figure class=\"wp-block-embed is-type-video is-provider-youtube wp-block-embed-youtube wp-embed-aspect-16-9 wp-has-aspect-ratio\"><div class=\"wp-block-embed__wrapper\">\n<div class=\"ast-oembed-container \" style=\"height: 100%;\"><iframe title=\"Donde el Oto\u00f1o se Siente Primavera\" width=\"500\" height=\"281\" src=\"https:\/\/www.youtube.com\/embed\/b-jKjy3VhYM?feature=oembed\" frameborder=\"0\" allow=\"accelerometer; autoplay; clipboard-write; encrypted-media; gyroscope; picture-in-picture; web-share\" referrerpolicy=\"strict-origin-when-cross-origin\" allowfullscreen><\/iframe><\/div>\n<\/div><\/figure>\n\n\n\n<p><br>La jornada concluy\u00f3 con una valoraci\u00f3n positiva del per\u00edodo y con el reconocimiento a todo el equipo que hace posible la continuidad del proyecto. La directiva del <strong><a href=\"https:\/\/centrosloyolacuba.org\/loyolareina\/\" target=\"_blank\" rel=\"noreferrer noopener\">Centro Loyola<\/a><\/strong>, junto a colaboradores y facilitadores, reafirm\u00f3 su compromiso con esta obra que ha sabido crecer desde la cercan\u00eda, el servicio y la atenci\u00f3n a las necesidades reales de las personas mayores.<\/p>\n\n\n\n<p>Hoy, m\u00e1s que un proyecto, Oto\u00f1o es una presencia viva dentro del Centro Loyola Reina: una comunidad que cuida, forma, escucha y celebra la vida en todas sus etapas. Y eso, en tiempos de tantas urgencias, es ya una forma concreta de esperanza.<\/p>\n\n\n\n<figure class=\"wp-block-gallery has-nested-images columns-default is-cropped wp-block-gallery-2 is-layout-flex wp-block-gallery-is-layout-flex\">\n<figure class=\"wp-block-image size-large\"><a href=\"https:\/\/centrosloyolacuba.org\/loyolareina\/wp-content\/uploads\/2026\/04\/envejecimiento-activo-y-saludable08.webp\"><img loading=\"lazy\" decoding=\"async\" width=\"850\" height=\"638\" data-id=\"10383\" src=\"https:\/\/centrosloyolacuba.org\/loyolareina\/wp-content\/uploads\/2026\/04\/envejecimiento-activo-y-saludable08.webp\" alt=\"\" class=\"wp-image-10383\" srcset=\"https:\/\/centrosloyolacuba.org\/loyolareina\/wp-content\/uploads\/2026\/04\/envejecimiento-activo-y-saludable08.webp 850w, https:\/\/centrosloyolacuba.org\/loyolareina\/wp-content\/uploads\/2026\/04\/envejecimiento-activo-y-saludable08-300x225.webp 300w, https:\/\/centrosloyolacuba.org\/loyolareina\/wp-content\/uploads\/2026\/04\/envejecimiento-activo-y-saludable08-768x576.webp 768w\" sizes=\"(max-width: 850px) 100vw, 850px\" \/><\/a><\/figure>\n\n\n\n<figure class=\"wp-block-image size-large\"><a href=\"https:\/\/centrosloyolacuba.org\/loyolareina\/wp-content\/uploads\/2026\/04\/envejecimiento-activo-y-saludable07.webp\"><img loading=\"lazy\" decoding=\"async\" width=\"850\" height=\"638\" data-id=\"10385\" src=\"https:\/\/centrosloyolacuba.org\/loyolareina\/wp-content\/uploads\/2026\/04\/envejecimiento-activo-y-saludable07.webp\" alt=\"\" class=\"wp-image-10385\" srcset=\"https:\/\/centrosloyolacuba.org\/loyolareina\/wp-content\/uploads\/2026\/04\/envejecimiento-activo-y-saludable07.webp 850w, https:\/\/centrosloyolacuba.org\/loyolareina\/wp-content\/uploads\/2026\/04\/envejecimiento-activo-y-saludable07-300x225.webp 300w, https:\/\/centrosloyolacuba.org\/loyolareina\/wp-content\/uploads\/2026\/04\/envejecimiento-activo-y-saludable07-768x576.webp 768w\" sizes=\"(max-width: 850px) 100vw, 850px\" \/><\/a><\/figure>\n\n\n\n<figure class=\"wp-block-image size-large\"><a href=\"https:\/\/centrosloyolacuba.org\/loyolareina\/wp-content\/uploads\/2026\/04\/envejecimiento-activo-y-saludable06.webp\"><img loading=\"lazy\" decoding=\"async\" width=\"850\" height=\"638\" data-id=\"10384\" src=\"https:\/\/centrosloyolacuba.org\/loyolareina\/wp-content\/uploads\/2026\/04\/envejecimiento-activo-y-saludable06.webp\" alt=\"\" class=\"wp-image-10384\" srcset=\"https:\/\/centrosloyolacuba.org\/loyolareina\/wp-content\/uploads\/2026\/04\/envejecimiento-activo-y-saludable06.webp 850w, https:\/\/centrosloyolacuba.org\/loyolareina\/wp-content\/uploads\/2026\/04\/envejecimiento-activo-y-saludable06-300x225.webp 300w, https:\/\/centrosloyolacuba.org\/loyolareina\/wp-content\/uploads\/2026\/04\/envejecimiento-activo-y-saludable06-768x576.webp 768w\" sizes=\"(max-width: 850px) 100vw, 850px\" \/><\/a><\/figure>\n\n\n\n<figure class=\"wp-block-image size-large\"><a href=\"https:\/\/centrosloyolacuba.org\/loyolareina\/wp-content\/uploads\/2026\/04\/envejecimiento-activo-y-saludable09.webp\"><img loading=\"lazy\" decoding=\"async\" width=\"850\" height=\"638\" data-id=\"10386\" src=\"https:\/\/centrosloyolacuba.org\/loyolareina\/wp-content\/uploads\/2026\/04\/envejecimiento-activo-y-saludable09.webp\" alt=\"\" class=\"wp-image-10386\" srcset=\"https:\/\/centrosloyolacuba.org\/loyolareina\/wp-content\/uploads\/2026\/04\/envejecimiento-activo-y-saludable09.webp 850w, https:\/\/centrosloyolacuba.org\/loyolareina\/wp-content\/uploads\/2026\/04\/envejecimiento-activo-y-saludable09-300x225.webp 300w, https:\/\/centrosloyolacuba.org\/loyolareina\/wp-content\/uploads\/2026\/04\/envejecimiento-activo-y-saludable09-768x576.webp 768w\" sizes=\"(max-width: 850px) 100vw, 850px\" \/><\/a><\/figure>\n<\/figure>\n<p>Visitas: 53<\/p>","protected":false},"excerpt":{"rendered":"<p>Celebraci\u00f3n del camino recorrido. Oto\u00f1o se ha consolidado como un proyecto&#8230;<\/p>\n","protected":false},"author":3,"featured_media":10346,"comment_status":"open","ping_status":"open","sticky":false,"template":"","format":"standard","meta":{"site-sidebar-layout":"default","site-content-layout":"","ast-site-content-layout":"default","site-content-style":"default","site-sidebar-style":"default","ast-global-header-display":"","ast-banner-title-visibility":"","ast-main-header-display":"","ast-hfb-above-header-display":"","ast-hfb-below-header-display":"","ast-hfb-mobile-header-display":"","site-post-title":"","ast-breadcrumbs-content":"","ast-featured-img":"disabled","footer-sml-layout":"","theme-transparent-header-meta":"","adv-header-id-meta":"","stick-header-meta":"","header-above-stick-meta":"","header-main-stick-meta":"","header-below-stick-meta":"","astra-migrate-meta-layouts":"set","ast-page-background-enabled":"default","ast-page-background-meta":{"desktop":{"background-color":"","background-image":"","background-repeat":"repeat","background-position":"center center","background-size":"auto","background-attachment":"scroll","background-type":"","background-media":"","overlay-type":"","overlay-color":"","overlay-opacity":"","overlay-gradient":""},"tablet":{"background-color":"","background-image":"","background-repeat":"repeat","background-position":"center center","background-size":"auto","background-attachment":"scroll","background-type":"","background-media":"","overlay-type":"","overlay-color":"","overlay-opacity":"","overlay-gradient":""},"mobile":{"background-color":"","background-image":"","background-repeat":"repeat","background-position":"center center","background-size":"auto","background-attachment":"scroll","background-type":"","background-media":"","overlay-type":"","overlay-color":"","overlay-opacity":"","overlay-gradient":""}},"ast-content-background-meta":{"desktop":{"background-color":"var(--ast-global-color-5)","background-image":"","background-repeat":"repeat","background-position":"center center","background-size":"auto","background-attachment":"scroll","background-type":"","background-media":"","overlay-type":"","overlay-color":"","overlay-opacity":"","overlay-gradient":""},"tablet":{"background-color":"var(--ast-global-color-5)","background-image":"","background-repeat":"repeat","background-position":"center center","background-size":"auto","background-attachment":"scroll","background-type":"","background-media":"","overlay-type":"","overlay-color":"","overlay-opacity":"","overlay-gradient":""},"mobile":{"background-color":"var(--ast-global-color-5)","background-image":"","background-repeat":"repeat","background-position":"center center","background-size":"auto","background-attachment":"scroll","background-type":"","background-media":"","overlay-type":"","overlay-color":"","overlay-opacity":"","overlay-gradient":""}},"episode_type":"","audio_file":"","podmotor_file_id":"","podmotor_episode_id":"","cover_image":"","cover_image_id":"","duration":"","filesize":"","filesize_raw":"","date_recorded":"","explicit":"","block":"","itunes_episode_number":"","itunes_title":"","itunes_season_number":"","itunes_episode_type":"","footnotes":""},"categories":[8],"tags":[],"ppma_author":[21],"class_list":["post-10342","post","type-post","status-publish","format-standard","has-post-thumbnail","hentry","category-noticias"],"authors":[{"term_id":21,"user_id":3,"is_guest":0,"slug":"editcomunicador","display_name":"Equipo de Comunicaci\u00f3n","avatar_url":"http:\/\/centrosloyolacuba.org\/loyolareina\/wp-content\/uploads\/2024\/04\/Avatars-Comunicaciones-96x96.webp","0":null,"1":"","2":"","3":"","4":"","5":"","6":"","7":"","8":""}],"rttpg_featured_image_url":{"full":["https:\/\/centrosloyolacuba.org\/loyolareina\/wp-content\/uploads\/2026\/04\/proyecto-Otono-.webp",480,360,false],"landscape":["https:\/\/centrosloyolacuba.org\/loyolareina\/wp-content\/uploads\/2026\/04\/proyecto-Otono-.webp",480,360,false],"portraits":["https:\/\/centrosloyolacuba.org\/loyolareina\/wp-content\/uploads\/2026\/04\/proyecto-Otono-.webp",480,360,false],"thumbnail":["https:\/\/centrosloyolacuba.org\/loyolareina\/wp-content\/uploads\/2026\/04\/proyecto-Otono--150x150.webp",150,150,true],"medium":["https:\/\/centrosloyolacuba.org\/loyolareina\/wp-content\/uploads\/2026\/04\/proyecto-Otono--300x225.webp",300,225,true],"large":["https:\/\/centrosloyolacuba.org\/loyolareina\/wp-content\/uploads\/2026\/04\/proyecto-Otono-.webp",480,360,false],"1536x1536":["https:\/\/centrosloyolacuba.org\/loyolareina\/wp-content\/uploads\/2026\/04\/proyecto-Otono-.webp",480,360,false],"2048x2048":["https:\/\/centrosloyolacuba.org\/loyolareina\/wp-content\/uploads\/2026\/04\/proyecto-Otono-.webp",480,360,false],"bm-post-thumb":["https:\/\/centrosloyolacuba.org\/loyolareina\/wp-content\/uploads\/2026\/04\/proyecto-Otono--250x250.webp",250,250,true],"bm-post-medium":["https:\/\/centrosloyolacuba.org\/loyolareina\/wp-content\/uploads\/2026\/04\/proyecto-Otono--480x250.webp",480,250,true]},"rttpg_author":{"display_name":"Equipo de Comunicaci\u00f3n","author_link":"https:\/\/centrosloyolacuba.org\/loyolareina\/author\/editcomunicador\/"},"rttpg_comment":0,"rttpg_category":"<a href=\"https:\/\/centrosloyolacuba.org\/loyolareina\/category\/noticias\/\" rel=\"category tag\">Noticias<\/a>","rttpg_excerpt":"Celebraci\u00f3n del camino recorrido. Oto\u00f1o se ha consolidado como un proyecto...","_links":{"self":[{"href":"https:\/\/centrosloyolacuba.org\/loyolareina\/wp-json\/wp\/v2\/posts\/10342","targetHints":{"allow":["GET"]}}],"collection":[{"href":"https:\/\/centrosloyolacuba.org\/loyolareina\/wp-json\/wp\/v2\/posts"}],"about":[{"href":"https:\/\/centrosloyolacuba.org\/loyolareina\/wp-json\/wp\/v2\/types\/post"}],"author":[{"embeddable":true,"href":"https:\/\/centrosloyolacuba.org\/loyolareina\/wp-json\/wp\/v2\/users\/3"}],"replies":[{"embeddable":true,"href":"https:\/\/centrosloyolacuba.org\/loyolareina\/wp-json\/wp\/v2\/comments?post=10342"}],"version-history":[{"count":22,"href":"https:\/\/centrosloyolacuba.org\/loyolareina\/wp-json\/wp\/v2\/posts\/10342\/revisions"}],"predecessor-version":[{"id":10389,"href":"https:\/\/centrosloyolacuba.org\/loyolareina\/wp-json\/wp\/v2\/posts\/10342\/revisions\/10389"}],"wp:featuredmedia":[{"embeddable":true,"href":"https:\/\/centrosloyolacuba.org\/loyolareina\/wp-json\/wp\/v2\/media\/10346"}],"wp:attachment":[{"href":"https:\/\/centrosloyolacuba.org\/loyolareina\/wp-json\/wp\/v2\/media?parent=10342"}],"wp:term":[{"taxonomy":"category","embeddable":true,"href":"https:\/\/centrosloyolacuba.org\/loyolareina\/wp-json\/wp\/v2\/categories?post=10342"},{"taxonomy":"post_tag","embeddable":true,"href":"https:\/\/centrosloyolacuba.org\/loyolareina\/wp-json\/wp\/v2\/tags?post=10342"},{"taxonomy":"author","embeddable":true,"href":"https:\/\/centrosloyolacuba.org\/loyolareina\/wp-json\/wp\/v2\/ppma_author?post=10342"}],"curies":[{"name":"wp","href":"https:\/\/api.w.org\/{rel}","templated":true}]}}