{"id":10282,"date":"2026-04-29T07:14:05","date_gmt":"2026-04-29T12:14:05","guid":{"rendered":"https:\/\/centrosloyolacuba.org\/loyolareina\/?p=10282"},"modified":"2026-04-29T09:10:37","modified_gmt":"2026-04-29T14:10:37","slug":"pascua-de-resurreccion-centro-loyola-reina-santovenia","status":"publish","type":"post","link":"https:\/\/centrosloyolacuba.org\/loyolareina\/pascua-de-resurreccion-centro-loyola-reina-santovenia\/","title":{"rendered":"Pascua de Resurrecci\u00f3n del Centro Loyola Reina: Esperanza en Santovenia"},"content":{"rendered":"\n<h2 class=\"wp-block-heading\">Bajo los mangales de Santovenia: Donde la vida vuelve a brotar<\/h2>\n\n\n\n<figure class=\"wp-block-gallery aligncenter has-nested-images columns-default is-cropped wp-block-gallery-1 is-layout-flex wp-block-gallery-is-layout-flex\">\n<figure class=\"wp-block-image size-full\"><a href=\"https:\/\/centrosloyolacuba.org\/loyolareina\/wp-content\/uploads\/2026\/04\/Pascua-de-Resurreccion-Centro-Loyola-Reina20.webp\"><img fetchpriority=\"high\" decoding=\"async\" width=\"850\" height=\"638\" data-id=\"10336\" src=\"https:\/\/centrosloyolacuba.org\/loyolareina\/wp-content\/uploads\/2026\/04\/Pascua-de-Resurreccion-Centro-Loyola-Reina20.webp\" alt=\"\" class=\"wp-image-10336\" srcset=\"https:\/\/centrosloyolacuba.org\/loyolareina\/wp-content\/uploads\/2026\/04\/Pascua-de-Resurreccion-Centro-Loyola-Reina20.webp 850w, https:\/\/centrosloyolacuba.org\/loyolareina\/wp-content\/uploads\/2026\/04\/Pascua-de-Resurreccion-Centro-Loyola-Reina20-300x225.webp 300w, https:\/\/centrosloyolacuba.org\/loyolareina\/wp-content\/uploads\/2026\/04\/Pascua-de-Resurreccion-Centro-Loyola-Reina20-768x576.webp 768w\" sizes=\"(max-width: 850px) 100vw, 850px\" \/><\/a><\/figure>\n\n\n\n<figure class=\"wp-block-image size-full\"><a href=\"https:\/\/centrosloyolacuba.org\/loyolareina\/wp-content\/uploads\/2026\/04\/Pascua-de-Resurreccion-Centro-Loyola-Reina18.webp\"><img decoding=\"async\" width=\"850\" height=\"594\" data-id=\"10335\" src=\"https:\/\/centrosloyolacuba.org\/loyolareina\/wp-content\/uploads\/2026\/04\/Pascua-de-Resurreccion-Centro-Loyola-Reina18.webp\" alt=\"\" class=\"wp-image-10335\" srcset=\"https:\/\/centrosloyolacuba.org\/loyolareina\/wp-content\/uploads\/2026\/04\/Pascua-de-Resurreccion-Centro-Loyola-Reina18.webp 850w, https:\/\/centrosloyolacuba.org\/loyolareina\/wp-content\/uploads\/2026\/04\/Pascua-de-Resurreccion-Centro-Loyola-Reina18-300x210.webp 300w, https:\/\/centrosloyolacuba.org\/loyolareina\/wp-content\/uploads\/2026\/04\/Pascua-de-Resurreccion-Centro-Loyola-Reina18-768x537.webp 768w\" sizes=\"(max-width: 850px) 100vw, 850px\" \/><\/a><\/figure>\n\n\n\n<figure class=\"wp-block-image size-full\"><a href=\"https:\/\/centrosloyolacuba.org\/loyolareina\/wp-content\/uploads\/2026\/04\/Pascua-de-Resurreccion-Centro-Loyola-Reina.webp\"><img decoding=\"async\" width=\"750\" height=\"500\" data-id=\"10296\" src=\"https:\/\/centrosloyolacuba.org\/loyolareina\/wp-content\/uploads\/2026\/04\/Pascua-de-Resurreccion-Centro-Loyola-Reina.webp\" alt=\"Pascua de Resurrecci\u00f3n Centro Loyola Reina\" class=\"wp-image-10296\" srcset=\"https:\/\/centrosloyolacuba.org\/loyolareina\/wp-content\/uploads\/2026\/04\/Pascua-de-Resurreccion-Centro-Loyola-Reina.webp 750w, https:\/\/centrosloyolacuba.org\/loyolareina\/wp-content\/uploads\/2026\/04\/Pascua-de-Resurreccion-Centro-Loyola-Reina-300x200.webp 300w\" sizes=\"(max-width: 750px) 100vw, 750px\" \/><\/a><\/figure>\n<\/figure>\n\n\n\n<p>El sol de la ma\u00f1ana se filtraba entre las hojas de los inmensos \u00e1rboles de mango, dibujando vetas de oro sobre el suelo del <strong><a href=\"https:\/\/www.youtube.com\/watch?v=TK2CLDPETdo\" target=\"_blank\" rel=\"noreferrer noopener\">Asilo Santovenia<\/a><\/strong>. En el coraz\u00f3n del municipio Cerro, all\u00ed donde el tiempo parece detenerse frente a una instituci\u00f3n que ha sido refugio de miles de ancianos durante m\u00e1s de un siglo, el silencio de la ciudad se volv\u00eda reverencia. En ese escenario de paz, el equipo del Centro Loyola Reina se reuni\u00f3 para celebrar que la vida, a pesar de todo, siempre renace.<\/p>\n\n\n\n<figure class=\"wp-block-image aligncenter size-full wp-duotone-unset-2\"><a href=\"http:\/\/centrosloyolacuba.org\/loyolareina\/wp-content\/uploads\/2026\/04\/Pascua-de-Resurreccion-Centro-Loyola-Reina07.webp\"><img loading=\"lazy\" decoding=\"async\" width=\"750\" height=\"566\" src=\"http:\/\/centrosloyolacuba.org\/loyolareina\/wp-content\/uploads\/2026\/04\/Pascua-de-Resurreccion-Centro-Loyola-Reina07.webp\" alt=\"Pascua de Resurrecci\u00f3n Centro Loyola Reina\" class=\"wp-image-10311\" srcset=\"https:\/\/centrosloyolacuba.org\/loyolareina\/wp-content\/uploads\/2026\/04\/Pascua-de-Resurreccion-Centro-Loyola-Reina07.webp 750w, https:\/\/centrosloyolacuba.org\/loyolareina\/wp-content\/uploads\/2026\/04\/Pascua-de-Resurreccion-Centro-Loyola-Reina07-300x226.webp 300w\" sizes=\"(max-width: 750px) 100vw, 750px\" \/><\/a><\/figure>\n\n\n\n<p>La jornada comenz\u00f3 con una invitaci\u00f3n al asombro. La <strong><a href=\"https:\/\/centrosloyolacuba.org\/loyolareina\/quienes-somos\/\" target=\"_blank\" rel=\"noreferrer noopener\">Hermana Berglis de las Mercedes<\/a><\/strong> Directora del <strong><a href=\"https:\/\/centrosloyolacuba.org\/loyolareina\/\" target=\"_blank\" rel=\"noreferrer noopener\">Centro Loyola<\/a><\/strong> y <strong><a href=\"https:\/\/centrosloyolacuba.org\/loyolareina\/quienes-somos\/\" target=\"_blank\" rel=\"noreferrer noopener\">Araileadys-Rosabal<\/a><\/strong> Coordinadora del Programa Educativo dieron la bienvenida a los colaboradores, no solo para conmemorar una fecha, sino para habitar la Pascua de Resurrecci\u00f3n del <strong><a href=\"https:\/\/centrosloyolacuba.org\/loyolareina\/\" target=\"_blank\" rel=\"noreferrer noopener\">Centro Loyola Reina<\/a><\/strong> desde el coraz\u00f3n. Fue un momento de reflexi\u00f3n donde la espiritualidad cristiana se abraz\u00f3 con las tradiciones del mundo, recordando que la alegr\u00eda de la resurrecci\u00f3n es un lenguaje universal que se celebra desde los sencillos huevos de Pascua hasta el murmullo de una oraci\u00f3n compartida.<\/p>\n\n\n\n<h2 class=\"wp-block-heading\">Signos de luz: Din\u00e1micas que encienden el esp\u00edritu<\/h2>\n\n\n\n<p>Bajo la sombra protectora de la vegetaci\u00f3n, el grupo se dividi\u00f3 en dos grandes familias: la fuerza de los m\u00e1s j\u00f3venes y la sabidur\u00eda de los m\u00e1s longevos del centro. Lejos de ser una fr\u00eda jornada de trabajo, la actividad form\u00f3 parte del programa \u00ab<strong><a href=\"https:\/\/centrosloyolacuba.org\/loyolareina\/sentir\/\" target=\"_blank\" rel=\"noreferrer noopener\">Sentir y Espiritualidad<\/a><\/strong>\u00ab, un espacio mensual destinado a los trabajadores que esta vez cambi\u00f3 la reflexi\u00f3n por el j\u00fabilo de la celebraci\u00f3n.<\/p>\n\n\n\n<figure class=\"wp-block-gallery has-nested-images columns-default is-cropped wp-block-gallery-3 is-layout-flex wp-block-gallery-is-layout-flex\">\n<figure class=\"wp-block-image size-large\"><a href=\"http:\/\/centrosloyolacuba.org\/loyolareina\/wp-content\/uploads\/2026\/04\/Pascua-de-Resurreccion-Centro-Loyola-Reina10.webp\"><img loading=\"lazy\" decoding=\"async\" width=\"850\" height=\"567\" data-id=\"10317\" src=\"http:\/\/centrosloyolacuba.org\/loyolareina\/wp-content\/uploads\/2026\/04\/Pascua-de-Resurreccion-Centro-Loyola-Reina10.webp\" alt=\"Pascua de Resurrecci\u00f3n Centro Loyola Reina\" class=\"wp-image-10317\" srcset=\"https:\/\/centrosloyolacuba.org\/loyolareina\/wp-content\/uploads\/2026\/04\/Pascua-de-Resurreccion-Centro-Loyola-Reina10.webp 850w, https:\/\/centrosloyolacuba.org\/loyolareina\/wp-content\/uploads\/2026\/04\/Pascua-de-Resurreccion-Centro-Loyola-Reina10-300x200.webp 300w, https:\/\/centrosloyolacuba.org\/loyolareina\/wp-content\/uploads\/2026\/04\/Pascua-de-Resurreccion-Centro-Loyola-Reina10-768x512.webp 768w\" sizes=\"(max-width: 850px) 100vw, 850px\" \/><\/a><\/figure>\n\n\n\n<figure class=\"wp-block-image alignwide size-large\"><a href=\"http:\/\/centrosloyolacuba.org\/loyolareina\/wp-content\/uploads\/2026\/04\/Pascua-de-Resurreccion-Centro-Loyola-Reina11.webp\"><img loading=\"lazy\" decoding=\"async\" width=\"850\" height=\"758\" data-id=\"10318\" src=\"http:\/\/centrosloyolacuba.org\/loyolareina\/wp-content\/uploads\/2026\/04\/Pascua-de-Resurreccion-Centro-Loyola-Reina11.webp\" alt=\"Pascua de Resurrecci\u00f3n Centro Loyola Reina\" class=\"wp-image-10318\" srcset=\"https:\/\/centrosloyolacuba.org\/loyolareina\/wp-content\/uploads\/2026\/04\/Pascua-de-Resurreccion-Centro-Loyola-Reina11.webp 850w, https:\/\/centrosloyolacuba.org\/loyolareina\/wp-content\/uploads\/2026\/04\/Pascua-de-Resurreccion-Centro-Loyola-Reina11-300x268.webp 300w, https:\/\/centrosloyolacuba.org\/loyolareina\/wp-content\/uploads\/2026\/04\/Pascua-de-Resurreccion-Centro-Loyola-Reina11-768x685.webp 768w\" sizes=\"(max-width: 850px) 100vw, 850px\" \/><\/a><\/figure>\n\n\n\n<figure class=\"wp-block-image size-large\"><a href=\"http:\/\/centrosloyolacuba.org\/loyolareina\/wp-content\/uploads\/2026\/04\/Pascua-de-Resurreccion-Centro-Loyola-Reina12.webp\"><img loading=\"lazy\" decoding=\"async\" width=\"750\" height=\"500\" data-id=\"10319\" src=\"http:\/\/centrosloyolacuba.org\/loyolareina\/wp-content\/uploads\/2026\/04\/Pascua-de-Resurreccion-Centro-Loyola-Reina12.webp\" alt=\"Pascua de Resurrecci\u00f3n Centro Loyola Reina\" class=\"wp-image-10319\" srcset=\"https:\/\/centrosloyolacuba.org\/loyolareina\/wp-content\/uploads\/2026\/04\/Pascua-de-Resurreccion-Centro-Loyola-Reina12.webp 750w, https:\/\/centrosloyolacuba.org\/loyolareina\/wp-content\/uploads\/2026\/04\/Pascua-de-Resurreccion-Centro-Loyola-Reina12-300x200.webp 300w\" sizes=\"(max-width: 750px) 100vw, 750px\" \/><\/a><\/figure>\n<\/figure>\n\n\n\n<p><br>Los s\u00edmbolos cobraron vida en las manos de los presentes. Una vela encendida pas\u00f3 de mano en mano, record\u00e1ndonos que la luz se multiplica cuando se comparte. Hubo risas y estallidos de globos que, en lugar de aire, guardaban en su interior frases de esperanza que luego se convirtieron en un mural colectivo. No se trataba de teor\u00edas sobre el paradigma ignaciano, sino de verlo encarnado en el esfuerzo del equipo de log\u00edstica y animaci\u00f3n, que trabaj\u00f3 al un\u00edsono para mover no solo los cuerpos, sino las almas.<\/p>\n\n\n\n<h2 class=\"wp-block-heading\">Creatividad y sonajeros: El arte de resucitar en comunidad<\/h2>\n\n\n\n<p>El momento m\u00e1s vibrante lleg\u00f3 con la creaci\u00f3n. Utilizando objetos cotidianos y mucha imaginaci\u00f3n, los equipos comenzaron a fabricar \u00absonajeros\u00bb y adornos para los \u00e1rboles del lugar. Cada colgadera llevaba un mensaje, una virtud o un deseo de buen parecer para el pr\u00f3jimo. La palabra \u00abresucitar\u00bb se transform\u00f3 en manualidad, en color y en sonidos que el viento de Santovenia se encarg\u00f3 de esparcir.<\/p>\n\n\n\n<figure class=\"wp-block-gallery has-nested-images columns-default is-cropped wp-block-gallery-4 is-layout-flex wp-block-gallery-is-layout-flex\">\n<figure class=\"wp-block-image size-large\"><a href=\"https:\/\/centrosloyolacuba.org\/loyolareina\/wp-content\/uploads\/2026\/04\/Pascua-de-Resurreccion-Centro-Loyola-Reina04.webp\"><img loading=\"lazy\" decoding=\"async\" width=\"480\" height=\"320\" data-id=\"10309\" src=\"https:\/\/centrosloyolacuba.org\/loyolareina\/wp-content\/uploads\/2026\/04\/Pascua-de-Resurreccion-Centro-Loyola-Reina04.webp\" alt=\"\" class=\"wp-image-10309\" srcset=\"https:\/\/centrosloyolacuba.org\/loyolareina\/wp-content\/uploads\/2026\/04\/Pascua-de-Resurreccion-Centro-Loyola-Reina04.webp 480w, https:\/\/centrosloyolacuba.org\/loyolareina\/wp-content\/uploads\/2026\/04\/Pascua-de-Resurreccion-Centro-Loyola-Reina04-300x200.webp 300w\" sizes=\"(max-width: 480px) 100vw, 480px\" \/><\/a><\/figure>\n\n\n\n<figure class=\"wp-block-image size-large\"><a href=\"http:\/\/centrosloyolacuba.org\/loyolareina\/wp-content\/uploads\/2026\/04\/Pascua-de-Resurreccion-Centro-Loyola-Reina05.webp\"><img loading=\"lazy\" decoding=\"async\" width=\"750\" height=\"500\" data-id=\"10308\" src=\"http:\/\/centrosloyolacuba.org\/loyolareina\/wp-content\/uploads\/2026\/04\/Pascua-de-Resurreccion-Centro-Loyola-Reina05.webp\" alt=\"Pascua de Resurrecci\u00f3n Centro Loyola Reina\" class=\"wp-image-10308\" srcset=\"https:\/\/centrosloyolacuba.org\/loyolareina\/wp-content\/uploads\/2026\/04\/Pascua-de-Resurreccion-Centro-Loyola-Reina05.webp 750w, https:\/\/centrosloyolacuba.org\/loyolareina\/wp-content\/uploads\/2026\/04\/Pascua-de-Resurreccion-Centro-Loyola-Reina05-300x200.webp 300w\" sizes=\"(max-width: 750px) 100vw, 750px\" \/><\/a><\/figure>\n\n\n\n<figure class=\"wp-block-image size-large\"><a href=\"http:\/\/centrosloyolacuba.org\/loyolareina\/wp-content\/uploads\/2026\/04\/Pascua-de-Resurreccion-Centro-Loyola-Reina06.webp\"><img loading=\"lazy\" decoding=\"async\" width=\"850\" height=\"567\" data-id=\"10321\" src=\"http:\/\/centrosloyolacuba.org\/loyolareina\/wp-content\/uploads\/2026\/04\/Pascua-de-Resurreccion-Centro-Loyola-Reina06.webp\" alt=\"Pascua de Resurrecci\u00f3n Centro Loyola Reina\" class=\"wp-image-10321\" srcset=\"https:\/\/centrosloyolacuba.org\/loyolareina\/wp-content\/uploads\/2026\/04\/Pascua-de-Resurreccion-Centro-Loyola-Reina06.webp 850w, https:\/\/centrosloyolacuba.org\/loyolareina\/wp-content\/uploads\/2026\/04\/Pascua-de-Resurreccion-Centro-Loyola-Reina06-300x200.webp 300w, https:\/\/centrosloyolacuba.org\/loyolareina\/wp-content\/uploads\/2026\/04\/Pascua-de-Resurreccion-Centro-Loyola-Reina06-768x512.webp 768w\" sizes=\"(max-width: 850px) 100vw, 850px\" \/><\/a><\/figure>\n<\/figure>\n\n\n\n<p><br><strong>\u00abLuz, esperanza y mucho amor\u00bb<\/strong>, resumi\u00f3 <strong><a href=\"https:\/\/centrosloyolacuba.org\/loyolareina\/quienes-somos\/\" target=\"_blank\" rel=\"noreferrer noopener\">Yalena de la Caridad<\/a><\/strong>, coordinadora del Programa Social, al ver c\u00f3mo la esencia de la resurrecci\u00f3n se plasmaba en cada detalle creativo. Fue un ejercicio de libertad y construcci\u00f3n colectiva que reforz\u00f3 el sentido de pertenencia a una comunidad que apuesta por la transformaci\u00f3n humana.<\/p>\n\n\n\n<h2 class=\"wp-block-heading\">Un brindis por el acompa\u00f1amiento y la alegr\u00eda<\/h2>\n\n\n\n<p>Para cerrar el encuentro, el vino \u2014s\u00edmbolo de alegr\u00eda y sacrificio\u2014 se reparti\u00f3 entre todos. Fue un brindis breve en cantidad pero inmenso en significado: la idea de compartir en comunidad, una de las l\u00edneas fundamentales que sostiene cada proyecto del centro.<\/p>\n\n\n\n<figure class=\"wp-block-gallery has-nested-images columns-default is-cropped wp-block-gallery-5 is-layout-flex wp-block-gallery-is-layout-flex\">\n<figure class=\"wp-block-image size-large\"><a href=\"https:\/\/centrosloyolacuba.org\/loyolareina\/wp-content\/uploads\/2026\/04\/Pascua-de-Resurreccion-Centro-Loyola-Reina13.webp\"><img loading=\"lazy\" decoding=\"async\" width=\"850\" height=\"567\" data-id=\"10327\" src=\"https:\/\/centrosloyolacuba.org\/loyolareina\/wp-content\/uploads\/2026\/04\/Pascua-de-Resurreccion-Centro-Loyola-Reina13.webp\" alt=\"\" class=\"wp-image-10327\" srcset=\"https:\/\/centrosloyolacuba.org\/loyolareina\/wp-content\/uploads\/2026\/04\/Pascua-de-Resurreccion-Centro-Loyola-Reina13.webp 850w, https:\/\/centrosloyolacuba.org\/loyolareina\/wp-content\/uploads\/2026\/04\/Pascua-de-Resurreccion-Centro-Loyola-Reina13-300x200.webp 300w, https:\/\/centrosloyolacuba.org\/loyolareina\/wp-content\/uploads\/2026\/04\/Pascua-de-Resurreccion-Centro-Loyola-Reina13-768x512.webp 768w\" sizes=\"(max-width: 850px) 100vw, 850px\" \/><\/a><\/figure>\n\n\n\n<figure class=\"wp-block-image size-large\"><a href=\"https:\/\/centrosloyolacuba.org\/loyolareina\/wp-content\/uploads\/2026\/04\/Pascua-de-Resurreccion-Centro-Loyola-Reina14.webp\"><img loading=\"lazy\" decoding=\"async\" width=\"850\" height=\"567\" data-id=\"10328\" src=\"https:\/\/centrosloyolacuba.org\/loyolareina\/wp-content\/uploads\/2026\/04\/Pascua-de-Resurreccion-Centro-Loyola-Reina14.webp\" alt=\"\" class=\"wp-image-10328\" srcset=\"https:\/\/centrosloyolacuba.org\/loyolareina\/wp-content\/uploads\/2026\/04\/Pascua-de-Resurreccion-Centro-Loyola-Reina14.webp 850w, https:\/\/centrosloyolacuba.org\/loyolareina\/wp-content\/uploads\/2026\/04\/Pascua-de-Resurreccion-Centro-Loyola-Reina14-300x200.webp 300w, https:\/\/centrosloyolacuba.org\/loyolareina\/wp-content\/uploads\/2026\/04\/Pascua-de-Resurreccion-Centro-Loyola-Reina14-768x512.webp 768w\" sizes=\"(max-width: 850px) 100vw, 850px\" \/><\/a><\/figure>\n<\/figure>\n\n\n\n<p>Entre risas y abrazos sinceros, la Pascua de Resurrecci\u00f3n del <strong><a href=\"https:\/\/centrosloyolacuba.org\/loyolareina\/\" target=\"_blank\" rel=\"noreferrer noopener\">Centro Loyola Reina<\/a><\/strong> en <strong><a href=\"https:\/\/www.tribuna.cu\/capitalinas\/2025-01-30\/hermosa-casa-quinta\" target=\"_blank\" rel=\"noopener\">Santovenia<\/a><\/strong> dej\u00f3 una huella profunda. Al retirarse, mientras los rayos del sol segu\u00edan jugando entre los mangos, qued\u00f3 la certeza de que celebrar la vida es, por encima de todo, un acto de acompa\u00f1amiento mutuo. Gracias al <strong><a href=\"https:\/\/www.tribuna.cu\/capitalinas\/2025-01-30\/hermosa-casa-quinta\" target=\"_blank\" rel=\"noreferrer noopener\">Asilo Santovenia<\/a><\/strong> por abrir sus puertas y a cada colaborador por traer su luz a este rinc\u00f3n sagrado de La Habana.<\/p>\n\n\n\n<figure class=\"wp-block-gallery has-nested-images columns-default is-cropped wp-block-gallery-6 is-layout-flex wp-block-gallery-is-layout-flex\">\n<figure class=\"wp-block-image size-large\"><a href=\"https:\/\/centrosloyolacuba.org\/loyolareina\/wp-content\/uploads\/2026\/04\/Pascua-de-Resurreccion-Centro-Loyola-Reina15.webp\"><img loading=\"lazy\" decoding=\"async\" width=\"1024\" height=\"683\" data-id=\"10331\" src=\"https:\/\/centrosloyolacuba.org\/loyolareina\/wp-content\/uploads\/2026\/04\/Pascua-de-Resurreccion-Centro-Loyola-Reina15-1024x683.webp\" alt=\"\" class=\"wp-image-10331\" srcset=\"https:\/\/centrosloyolacuba.org\/loyolareina\/wp-content\/uploads\/2026\/04\/Pascua-de-Resurreccion-Centro-Loyola-Reina15-1024x683.webp 1024w, https:\/\/centrosloyolacuba.org\/loyolareina\/wp-content\/uploads\/2026\/04\/Pascua-de-Resurreccion-Centro-Loyola-Reina15-300x200.webp 300w, https:\/\/centrosloyolacuba.org\/loyolareina\/wp-content\/uploads\/2026\/04\/Pascua-de-Resurreccion-Centro-Loyola-Reina15-768x512.webp 768w, https:\/\/centrosloyolacuba.org\/loyolareina\/wp-content\/uploads\/2026\/04\/Pascua-de-Resurreccion-Centro-Loyola-Reina15.webp 1080w\" sizes=\"(max-width: 1024px) 100vw, 1024px\" \/><\/a><\/figure>\n\n\n\n<figure class=\"wp-block-image size-large\"><a href=\"https:\/\/centrosloyolacuba.org\/loyolareina\/wp-content\/uploads\/2026\/04\/Pascua-de-Resurreccion-Centro-Loyola-Reina16.webp\"><img loading=\"lazy\" decoding=\"async\" width=\"850\" height=\"567\" data-id=\"10332\" src=\"https:\/\/centrosloyolacuba.org\/loyolareina\/wp-content\/uploads\/2026\/04\/Pascua-de-Resurreccion-Centro-Loyola-Reina16.webp\" alt=\"\" class=\"wp-image-10332\" srcset=\"https:\/\/centrosloyolacuba.org\/loyolareina\/wp-content\/uploads\/2026\/04\/Pascua-de-Resurreccion-Centro-Loyola-Reina16.webp 850w, https:\/\/centrosloyolacuba.org\/loyolareina\/wp-content\/uploads\/2026\/04\/Pascua-de-Resurreccion-Centro-Loyola-Reina16-300x200.webp 300w, https:\/\/centrosloyolacuba.org\/loyolareina\/wp-content\/uploads\/2026\/04\/Pascua-de-Resurreccion-Centro-Loyola-Reina16-768x512.webp 768w\" sizes=\"(max-width: 850px) 100vw, 850px\" \/><\/a><\/figure>\n\n\n\n<figure class=\"wp-block-image size-large\"><a href=\"https:\/\/centrosloyolacuba.org\/loyolareina\/wp-content\/uploads\/2026\/04\/Pascua-de-Resurreccion-Centro-Loyola-Reina19.webp\"><img loading=\"lazy\" decoding=\"async\" width=\"850\" height=\"638\" data-id=\"10334\" src=\"https:\/\/centrosloyolacuba.org\/loyolareina\/wp-content\/uploads\/2026\/04\/Pascua-de-Resurreccion-Centro-Loyola-Reina19.webp\" alt=\"\" class=\"wp-image-10334\" srcset=\"https:\/\/centrosloyolacuba.org\/loyolareina\/wp-content\/uploads\/2026\/04\/Pascua-de-Resurreccion-Centro-Loyola-Reina19.webp 850w, https:\/\/centrosloyolacuba.org\/loyolareina\/wp-content\/uploads\/2026\/04\/Pascua-de-Resurreccion-Centro-Loyola-Reina19-300x225.webp 300w, https:\/\/centrosloyolacuba.org\/loyolareina\/wp-content\/uploads\/2026\/04\/Pascua-de-Resurreccion-Centro-Loyola-Reina19-768x576.webp 768w\" sizes=\"(max-width: 850px) 100vw, 850px\" \/><\/a><\/figure>\n\n\n\n<figure class=\"wp-block-image size-large\"><a href=\"https:\/\/centrosloyolacuba.org\/loyolareina\/wp-content\/uploads\/2026\/04\/Pascua-de-Resurreccion-Centro-Loyola-Reina21.webp\"><img loading=\"lazy\" decoding=\"async\" width=\"850\" height=\"638\" data-id=\"10333\" src=\"https:\/\/centrosloyolacuba.org\/loyolareina\/wp-content\/uploads\/2026\/04\/Pascua-de-Resurreccion-Centro-Loyola-Reina21.webp\" alt=\"\" class=\"wp-image-10333\" srcset=\"https:\/\/centrosloyolacuba.org\/loyolareina\/wp-content\/uploads\/2026\/04\/Pascua-de-Resurreccion-Centro-Loyola-Reina21.webp 850w, https:\/\/centrosloyolacuba.org\/loyolareina\/wp-content\/uploads\/2026\/04\/Pascua-de-Resurreccion-Centro-Loyola-Reina21-300x225.webp 300w, https:\/\/centrosloyolacuba.org\/loyolareina\/wp-content\/uploads\/2026\/04\/Pascua-de-Resurreccion-Centro-Loyola-Reina21-768x576.webp 768w\" sizes=\"(max-width: 850px) 100vw, 850px\" \/><\/a><\/figure>\n<\/figure>\n<p>Visitas: 38<\/p>","protected":false},"excerpt":{"rendered":"<p>El sol de la ma\u00f1ana se filtraba entre las hojas de los inmensos \u00e1rboles de mango, dibujando vetas&#8230;<\/p>\n","protected":false},"author":3,"featured_media":10298,"comment_status":"open","ping_status":"open","sticky":false,"template":"","format":"standard","meta":{"site-sidebar-layout":"default","site-content-layout":"","ast-site-content-layout":"default","site-content-style":"default","site-sidebar-style":"default","ast-global-header-display":"","ast-banner-title-visibility":"","ast-main-header-display":"","ast-hfb-above-header-display":"","ast-hfb-below-header-display":"","ast-hfb-mobile-header-display":"","site-post-title":"","ast-breadcrumbs-content":"","ast-featured-img":"disabled","footer-sml-layout":"","theme-transparent-header-meta":"","adv-header-id-meta":"","stick-header-meta":"","header-above-stick-meta":"","header-main-stick-meta":"","header-below-stick-meta":"","astra-migrate-meta-layouts":"set","ast-page-background-enabled":"default","ast-page-background-meta":{"desktop":{"background-color":"","background-image":"","background-repeat":"repeat","background-position":"center center","background-size":"auto","background-attachment":"scroll","background-type":"","background-media":"","overlay-type":"","overlay-color":"","overlay-opacity":"","overlay-gradient":""},"tablet":{"background-color":"","background-image":"","background-repeat":"repeat","background-position":"center center","background-size":"auto","background-attachment":"scroll","background-type":"","background-media":"","overlay-type":"","overlay-color":"","overlay-opacity":"","overlay-gradient":""},"mobile":{"background-color":"","background-image":"","background-repeat":"repeat","background-position":"center center","background-size":"auto","background-attachment":"scroll","background-type":"","background-media":"","overlay-type":"","overlay-color":"","overlay-opacity":"","overlay-gradient":""}},"ast-content-background-meta":{"desktop":{"background-color":"var(--ast-global-color-5)","background-image":"","background-repeat":"repeat","background-position":"center center","background-size":"auto","background-attachment":"scroll","background-type":"","background-media":"","overlay-type":"","overlay-color":"","overlay-opacity":"","overlay-gradient":""},"tablet":{"background-color":"var(--ast-global-color-5)","background-image":"","background-repeat":"repeat","background-position":"center center","background-size":"auto","background-attachment":"scroll","background-type":"","background-media":"","overlay-type":"","overlay-color":"","overlay-opacity":"","overlay-gradient":""},"mobile":{"background-color":"var(--ast-global-color-5)","background-image":"","background-repeat":"repeat","background-position":"center center","background-size":"auto","background-attachment":"scroll","background-type":"","background-media":"","overlay-type":"","overlay-color":"","overlay-opacity":"","overlay-gradient":""}},"episode_type":"","audio_file":"","podmotor_file_id":"","podmotor_episode_id":"","cover_image":"","cover_image_id":"","duration":"","filesize":"","filesize_raw":"","date_recorded":"","explicit":"","block":"","itunes_episode_number":"","itunes_title":"","itunes_season_number":"","itunes_episode_type":"","footnotes":""},"categories":[8],"tags":[],"ppma_author":[21],"class_list":["post-10282","post","type-post","status-publish","format-standard","has-post-thumbnail","hentry","category-noticias"],"authors":[{"term_id":21,"user_id":3,"is_guest":0,"slug":"editcomunicador","display_name":"Equipo de Comunicaci\u00f3n","avatar_url":"http:\/\/centrosloyolacuba.org\/loyolareina\/wp-content\/uploads\/2024\/04\/Avatars-Comunicaciones-96x96.webp","0":null,"1":"","2":"","3":"","4":"","5":"","6":"","7":"","8":""}],"rttpg_featured_image_url":{"full":["https:\/\/centrosloyolacuba.org\/loyolareina\/wp-content\/uploads\/2026\/04\/Pascua-de-Resurreccion-Centro-Loyola-Reina02.webp",480,320,false],"landscape":["https:\/\/centrosloyolacuba.org\/loyolareina\/wp-content\/uploads\/2026\/04\/Pascua-de-Resurreccion-Centro-Loyola-Reina02.webp",480,320,false],"portraits":["https:\/\/centrosloyolacuba.org\/loyolareina\/wp-content\/uploads\/2026\/04\/Pascua-de-Resurreccion-Centro-Loyola-Reina02.webp",480,320,false],"thumbnail":["https:\/\/centrosloyolacuba.org\/loyolareina\/wp-content\/uploads\/2026\/04\/Pascua-de-Resurreccion-Centro-Loyola-Reina02-150x150.webp",150,150,true],"medium":["https:\/\/centrosloyolacuba.org\/loyolareina\/wp-content\/uploads\/2026\/04\/Pascua-de-Resurreccion-Centro-Loyola-Reina02-300x200.webp",300,200,true],"large":["https:\/\/centrosloyolacuba.org\/loyolareina\/wp-content\/uploads\/2026\/04\/Pascua-de-Resurreccion-Centro-Loyola-Reina02.webp",480,320,false],"1536x1536":["https:\/\/centrosloyolacuba.org\/loyolareina\/wp-content\/uploads\/2026\/04\/Pascua-de-Resurreccion-Centro-Loyola-Reina02.webp",480,320,false],"2048x2048":["https:\/\/centrosloyolacuba.org\/loyolareina\/wp-content\/uploads\/2026\/04\/Pascua-de-Resurreccion-Centro-Loyola-Reina02.webp",480,320,false],"bm-post-thumb":["https:\/\/centrosloyolacuba.org\/loyolareina\/wp-content\/uploads\/2026\/04\/Pascua-de-Resurreccion-Centro-Loyola-Reina02-250x250.webp",250,250,true],"bm-post-medium":["https:\/\/centrosloyolacuba.org\/loyolareina\/wp-content\/uploads\/2026\/04\/Pascua-de-Resurreccion-Centro-Loyola-Reina02-480x250.webp",480,250,true]},"rttpg_author":{"display_name":"Equipo de Comunicaci\u00f3n","author_link":"https:\/\/centrosloyolacuba.org\/loyolareina\/author\/editcomunicador\/"},"rttpg_comment":0,"rttpg_category":"<a href=\"https:\/\/centrosloyolacuba.org\/loyolareina\/category\/noticias\/\" rel=\"category tag\">Noticias<\/a>","rttpg_excerpt":"El sol de la ma\u00f1ana se filtraba entre las hojas de los inmensos \u00e1rboles de mango, dibujando vetas...","_links":{"self":[{"href":"https:\/\/centrosloyolacuba.org\/loyolareina\/wp-json\/wp\/v2\/posts\/10282","targetHints":{"allow":["GET"]}}],"collection":[{"href":"https:\/\/centrosloyolacuba.org\/loyolareina\/wp-json\/wp\/v2\/posts"}],"about":[{"href":"https:\/\/centrosloyolacuba.org\/loyolareina\/wp-json\/wp\/v2\/types\/post"}],"author":[{"embeddable":true,"href":"https:\/\/centrosloyolacuba.org\/loyolareina\/wp-json\/wp\/v2\/users\/3"}],"replies":[{"embeddable":true,"href":"https:\/\/centrosloyolacuba.org\/loyolareina\/wp-json\/wp\/v2\/comments?post=10282"}],"version-history":[{"count":26,"href":"https:\/\/centrosloyolacuba.org\/loyolareina\/wp-json\/wp\/v2\/posts\/10282\/revisions"}],"predecessor-version":[{"id":10341,"href":"https:\/\/centrosloyolacuba.org\/loyolareina\/wp-json\/wp\/v2\/posts\/10282\/revisions\/10341"}],"wp:featuredmedia":[{"embeddable":true,"href":"https:\/\/centrosloyolacuba.org\/loyolareina\/wp-json\/wp\/v2\/media\/10298"}],"wp:attachment":[{"href":"https:\/\/centrosloyolacuba.org\/loyolareina\/wp-json\/wp\/v2\/media?parent=10282"}],"wp:term":[{"taxonomy":"category","embeddable":true,"href":"https:\/\/centrosloyolacuba.org\/loyolareina\/wp-json\/wp\/v2\/categories?post=10282"},{"taxonomy":"post_tag","embeddable":true,"href":"https:\/\/centrosloyolacuba.org\/loyolareina\/wp-json\/wp\/v2\/tags?post=10282"},{"taxonomy":"author","embeddable":true,"href":"https:\/\/centrosloyolacuba.org\/loyolareina\/wp-json\/wp\/v2\/ppma_author?post=10282"}],"curies":[{"name":"wp","href":"https:\/\/api.w.org\/{rel}","templated":true}]}}